{"id":8654,"date":"2025-04-08T18:01:06","date_gmt":"2025-04-08T18:01:06","guid":{"rendered":"https:\/\/www.intergate.net.br\/blog\/?p=8654"},"modified":"2025-10-14T17:33:09","modified_gmt":"2025-10-14T20:33:09","slug":"vtex-agora-quer-ir-para-as-plataformas-b2b","status":"publish","type":"post","link":"https:\/\/www.intergate.net.br\/blog\/vtex-agora-quer-ir-para-as-plataformas-b2b\/","title":{"rendered":"Vtex agora quer ir para as plataformas B2B"},"content":{"rendered":"\n<p class=\"wp-block-paragraph\">Mesmo com cen\u00e1rio econ\u00f4mico complexo, empresa de tecnologia v\u00ea espa\u00e7o para crescimento e aumenta aposta em intelig\u00eancia artificial para isso, conta Rafaela Rezende, presidente da companhia no Brasil<\/p>\n\n\n\n<!--more-->\n\n\n\n<p class=\"wp-block-paragraph\">Talvez o nome\u00a0<strong>VTEX<\/strong>\u00a0n\u00e3o soe t\u00e3o familiar aos consumidores, mas a empresa est\u00e1 mais no dia a dia do que muitos sabem. <\/p>\n\n\n\n<p class=\"wp-block-paragraph\">\u00c9 a empresa de tecnologia que est\u00e1 por tr\u00e1s da plataforma de e-commerce de grandes varejistas e empresas de consumo, como\u00a0<strong>Carrefour<\/strong>,\u00a0<strong>Electrolux<\/strong>\u00a0e\u00a0<strong>Coca-Cola<\/strong>.<\/p>\n\n\n\n<p class=\"wp-block-paragraph\">Criada no Rio de Janeiro no in\u00edcio dos anos 2000, a empresa \u00e9 uma das principais fornecedoras de tecnologia para e-commerce na Am\u00e9rica Latina, com algo perto de 15% de market share na regi\u00e3o, segundo dados de mercado. <\/p>\n\n\n\n<p class=\"wp-block-paragraph\">Tamb\u00e9m opera na Europa e nos Estados Unidos, somando opera\u00e7\u00f5es em 43 pa\u00edses.<\/p>\n\n\n\n<p class=\"wp-block-paragraph\">Por isso, mesmo com incertezas econ\u00f4micas e ambiente de juros altos n\u00e3o integrando a lista de raz\u00f5es das companhias para investir, a VTEX est\u00e1 confiante no crescimento dos neg\u00f3cios.<\/p>\n\n\n\n<p class=\"wp-block-paragraph\"><em>\u201cNavegamos muito bem nesses cen\u00e1rios mais desafiadores\u201d<\/em>, diz\u00a0<strong>Rafaela Rezende<\/strong>, general manager da <a href=\"https:\/\/www.intergate.net.br\/blog\/izzo-musical-integracao-sap-business-one-e-ecommerce-vtex\/\">VTEX Brasil<\/a> em entrevista ao\u00a0<em>Na sua Cesta<\/em>, podcast do INSIGHT. <\/p>\n\n\n\n<p class=\"wp-block-paragraph\">\u00c0 frente da opera\u00e7\u00e3o brasileira desde 2023, a executiva fez sua carreira no varejo e apenas em 2020 migrou para o mundo da tecnologia, justamente quando entrou na companhia.<\/p>\n\n\n\n<p class=\"animated bounceIn delay-1s slow o-anim-hover has-white-color has-accent-background-color has-text-color has-background has-link-color wp-elements-1 wp-block-paragraph\"><strong>A Intergate faz integra\u00e7\u00f5es dos ERPs SAP Business One e Totvs Protheus com a Vtex. <\/strong><br><strong>Fale com a gente pelo Whatsapp <\/strong>47 99999-4541<\/p>\n\n\n\n<p class=\"wp-block-paragraph\"><em>\u201cTemos mais de 3 mil parceiros integrados e o cliente consegue montar o seu quebra-cabe\u00e7a com as pe\u00e7as que precisa. \u00c9 uma solu\u00e7\u00e3o completa com integra\u00e7\u00f5es nativas, o que ajuda a reduzir custos e a necessidade de capex das varejistas\u201d<\/em>, diz a executiva, que come\u00e7ou a carreira na B2W, antiga opera\u00e7\u00e3o de e-commerce da Americanas, e antes da VTEX estava no\u00a0<strong>iFood.<\/strong><\/p>\n\n\n\n<p class=\"wp-block-paragraph\">Grande parte dos neg\u00f3cios da VTEX est\u00e1 na venda de servi\u00e7os B2C, ou seja, fornecendo plataformas e servi\u00e7os para o varejo vender para os consumidores. <\/p>\n\n\n\n<p class=\"wp-block-paragraph\">Sua plataforma omnichannel integra e-commerce, lojas f\u00edsicas, vendas via live shopping e outros canais digitais. A ideia \u00e9 que o varejista consiga ter estoque, pre\u00e7os e dados de vendas sincronizados em tempo real.<\/p>\n\n\n\n<p class=\"wp-block-paragraph\">Em 2025, por\u00e9m, o grande foco da empresa est\u00e1 em ganhar musculatura nos neg\u00f3cios B2B: plataformas para empresas venderem entre si, como fabricantes de bens de consumo conectando distribuidores e varejistas, por exemplo.<\/p>\n\n\n\n<p class=\"wp-block-paragraph\">\u201c<em>O B2B \u00e9 um mercado endere\u00e7\u00e1vel maior que o B2C, e temos um grande potencial para crescer nesse segmento. Hoje, j\u00e1 atendemos clientes que operam em todos os canais de venda, modelamos essa solu\u00e7\u00e3o conforme as necessidades de cada cliente, seja vendendo diretamente ou utilizando intermedi\u00e1rio. O mercado B2B vai ser uma das nossas maiores apostas para os pr\u00f3ximos anos\u201d<\/em>, diz.<\/p>\n\n\n\n<p class=\"wp-block-paragraph\">A VTEX realizou seu IPO em 2021 em Nova York, sendo avaliada em US$ 3,75 bilh\u00f5es. Mas viu seu valor de mercado derreter, recuando para menos de US$ 1 bilh\u00e3o, em meio de press\u00e3o nos mercados acion\u00e1rios globais.<\/p>\n\n\n\n<p class=\"wp-block-paragraph\"><em>&#8220;Estamos confiantes em nossa trajet\u00f3ria. A crise dos mercados acion\u00e1rios n\u00e3o nos desvia de nosso foco em longo prazo\u201d<\/em>, afirma a executiva.<\/p>\n\n\n\n<p class=\"wp-block-paragraph\">A vis\u00e3o confiante \u00e9 compartilhada por parte do mercado. Em relat\u00f3rio deste m\u00eas, o time do BTG Pactual (do mesmo grupo de controle da EXAME) manteve a recomenda\u00e7\u00e3o de compra e a escolha do papel como uma de suas preferidas. <\/p>\n\n\n\n<p class=\"wp-block-paragraph\">Segundo o banco, a queda dos pap\u00e9is mostra uma &#8220;oportunidade rara&#8221; para o investidor montar posi\u00e7\u00e3o. O banco tem um pre\u00e7o-alvo de US$ 12 por a\u00e7\u00e3o, enquanto as a\u00e7\u00f5es s\u00e3o negociadas atualmente a pouco mais de US$ 4.<\/p>\n\n\n\n<p class=\"wp-block-paragraph\">Uma das principais apostas da companhia est\u00e1 no impacto crescente da intelig\u00eancia artificial no varejo, transformando a forma como as empresas se relacionam com os consumidores. <\/p>\n\n\n\n<p class=\"wp-block-paragraph\">Nos \u00faltimos 12 meses a companhia anunciou duas aquisi\u00e7\u00f5es de olho nisso: a\u00a0<strong>Weni<\/strong>\u00a0e\u00a0<strong>Newtail.<\/strong><\/p>\n\n\n\n<p class=\"wp-block-paragraph\">A Weni \u00e9 uma empresa de solu\u00e7\u00f5es para atendimento ao cliente usando intelig\u00eancia artificial. <\/p>\n\n\n\n<p class=\"wp-block-paragraph\">Por exemplo, numa rede de supermercados cliente da empresa, o consumidor pode fazer a lista de compras online e, se na hora n\u00e3o houver o produto solicitado, um alerta \u00e9 feito na plataforma da Weni, que avisa o cliente via WhatsApp sobre a falta do produto e sugere um produto substituto.<\/p>\n\n\n\n<p class=\"wp-block-paragraph\">\u201c<em>A Weni ajuda a melhorar a experi\u00eancia do consumidor final de forma muito mais r\u00e1pida e eficiente, al\u00e9m de ser um custo operacional mais baixo para o varejista ou para as marcas. Essa aquisi\u00e7\u00e3o fortalece nosso atendimento p\u00f3s-venda e amplia nossa capacidade de oferecer solu\u00e7\u00f5es completas<\/em>\u201d, diz Rezende.<\/p>\n\n\n\n<p class=\"wp-block-paragraph\">J\u00e1 a segunda aquisi\u00e7\u00e3o fortaleceu o bra\u00e7o de Retail Media, uma frente em que a companhia quer se posicionar como uma das l\u00edderes de mercado e que tem atra\u00eddo cada vez mais investimentos do setor de varejo. <\/p>\n\n\n\n<p class=\"wp-block-paragraph\">Comprada em janeiro deste ano, a Newtail trouxe para a VTEX clientes que a companhia ainda n\u00e3o tinha, como a Casas Bahia, al\u00e9m de pelo menos mais 400 poss\u00edveis anunciantes para sua plataforma de Ads.<\/p>\n\n\n\n<p class=\"wp-block-paragraph\">O neg\u00f3cio \u00e9 visto como uma importante avenida de crescimento para a VTEX porque oferece uma nova linha de receita para as varejistas, que podem ser mais certeiras com personaliza\u00e7\u00e3o das ofertas. <\/p>\n\n\n\n<p class=\"wp-block-paragraph\">\u201c<em>A IA n\u00e3o veio para dar passos, mas, sim, saltos. Ela permite a hiperpersonaliza\u00e7\u00e3o e deixa as intera\u00e7\u00f5es mais assertivas e menos intrusivas<\/em>.\u201d<\/p>\n\n\n\n<hr class=\"wp-block-separator has-alpha-channel-opacity\"\/>\n\n\n\n<p class=\"wp-block-paragraph\"><strong>FONTE<\/strong>: <a href=\"https:\/\/exame.com\/insight\/na-sua-cesta-a-vtex-domina-o-ecommerce-tradicional-agora-quer-ir-para-as-plataformas-b2b\/p?utm_source=whatsapp&amp;utm_medium=social&amp;utm_campaign=barra-compartilhamento\">Revista Exame<\/a><\/p>\n\n\n\n<p class=\"wp-block-paragraph\"><strong>FONTE IMGEM<\/strong>: Imagem de coolvector no Freepik<\/p>\n\n\n\n<hr class=\"wp-block-separator has-alpha-channel-opacity\"\/>\n\n\n\n<p class=\"wp-block-paragraph\"><strong><em>Outros artigos que possam lhe interessar:<\/em><\/strong><\/p>\n\n\n\n<p class=\"wp-block-paragraph\"><a href=\"https:\/\/www.intergate.net.br\/blog\/intergate-integra-blip-vtex\/\">Dengo Chocolates-Integra\u00e7\u00e3o Blip e Ecommerce Vtex<\/a><\/p>\n\n\n\n<p class=\"wp-block-paragraph\"><a href=\"https:\/\/www.intergate.net.br\/blog\/integracao-sap-business-one-x-ecommerce-vtex\/\">Integra\u00e7\u00e3o SAP Business One x ecommerce Vtex<\/a><\/p>\n\n\n\n<p class=\"wp-block-paragraph\"><a href=\"https:\/\/www.intergate.net.br\/blog\/rio-center-integracao-totvs-protheus-e-vtex\/\">Rio Center-Integra\u00e7\u00e3o Totvs Protheus e Vtex<\/a><\/p>\n\n\n\n<p class=\"wp-block-paragraph\"><a href=\"https:\/\/www.intergate.net.br\/blog\/integracao-totvs-protheus-x-ecommerce-vtex\/\">Integra\u00e7\u00e3o TOTVS Protheus x eCommerce Vtex<\/a><br><br><br><\/p>\n\n\n\n<p class=\"wp-block-paragraph\"><br><\/p>\n","protected":false},"excerpt":{"rendered":"<p>Vtex agora quer ir para as plataformas B2B<\/p>\n","protected":false},"author":2,"featured_media":8655,"comment_status":"closed","ping_status":"closed","sticky":false,"template":"","format":"standard","meta":{"content-type":"","_themeisle_gutenberg_block_has_review":false,"footnotes":""},"categories":[686,7],"tags":[84,85,179,254,276,288,549,641],"class_list":["post-8654","post","type-post","status-publish","format-standard","has-post-thumbnail","hentry","category-e-commerce","category-integracao-de-sistemas","tag-b2b","tag-b2c","tag-ecommerce","tag-ia","tag-integracao-3","tag-intergate","tag-transformacao-digital","tag-vendasonline"],"yoast_head":"<!-- This site is optimized with the Yoast SEO plugin v28.4 - https:\/\/yoast.com\/product\/yoast-seo-wordpress\/ -->\n<title>Vtex agora quer ir para as plataformas B2B - Blog InterGATE<\/title>\n<meta name=\"description\" content=\"Vtex agora quer ir para as plataformas B2B. Empresa de tecnologia v\u00ea espa\u00e7o para crescimento e aumenta aposta em intelig\u00eancia artificial\" \/>\n<meta name=\"robots\" content=\"index, follow, max-snippet:-1, max-image-preview:large, max-video-preview:-1\" \/>\n<link rel=\"canonical\" href=\"https:\/\/www.intergate.net.br\/blog\/vtex-agora-quer-ir-para-as-plataformas-b2b\/\" \/>\n<meta property=\"og:locale\" content=\"pt_PT\" \/>\n<meta property=\"og:type\" content=\"article\" \/>\n<meta property=\"og:title\" content=\"Vtex agora quer ir para as plataformas B2B - Blog InterGATE\" \/>\n<meta property=\"og:description\" content=\"Vtex agora quer ir para as plataformas B2B. Empresa de tecnologia v\u00ea espa\u00e7o para crescimento e aumenta aposta em intelig\u00eancia artificial\" \/>\n<meta property=\"og:url\" content=\"https:\/\/www.intergate.net.br\/blog\/vtex-agora-quer-ir-para-as-plataformas-b2b\/\" \/>\n<meta property=\"og:site_name\" content=\"Blog InterGATE\" \/>\n<meta property=\"article:published_time\" content=\"2025-04-08T18:01:06+00:00\" \/>\n<meta property=\"article:modified_time\" content=\"2025-10-14T20:33:09+00:00\" \/>\n<meta property=\"og:image\" content=\"https:\/\/www.intergate.net.br\/blog\/wp-content\/uploads\/2025\/04\/4483653.jpg\" \/>\n\t<meta property=\"og:image:width\" content=\"660\" \/>\n\t<meta property=\"og:image:height\" content=\"440\" \/>\n\t<meta property=\"og:image:type\" content=\"image\/jpeg\" \/>\n<meta name=\"author\" content=\"Rafael Ogeda\" \/>\n<meta name=\"twitter:label1\" content=\"Escrito por\" \/>\n\t<meta name=\"twitter:data1\" content=\"Rafael Ogeda\" \/>\n\t<meta name=\"twitter:label2\" content=\"Tempo estimado de leitura\" \/>\n\t<meta name=\"twitter:data2\" content=\"6 minutos\" \/>\n<script type=\"application\/ld+json\" class=\"yoast-schema-graph\">{\"@context\":\"https:\\\/\\\/schema.org\",\"@graph\":[{\"@type\":\"Article\",\"@id\":\"https:\\\/\\\/www.intergate.net.br\\\/blog\\\/vtex-agora-quer-ir-para-as-plataformas-b2b\\\/#article\",\"isPartOf\":{\"@id\":\"https:\\\/\\\/www.intergate.net.br\\\/blog\\\/vtex-agora-quer-ir-para-as-plataformas-b2b\\\/\"},\"author\":{\"name\":\"Rafael Ogeda\",\"@id\":\"https:\\\/\\\/www.intergate.net.br\\\/blog\\\/#\\\/schema\\\/person\\\/8efea68df8f7120ea0cf5bd5d855f919\"},\"headline\":\"Vtex agora quer ir para as plataformas B2B\",\"datePublished\":\"2025-04-08T18:01:06+00:00\",\"dateModified\":\"2025-10-14T20:33:09+00:00\",\"mainEntityOfPage\":{\"@id\":\"https:\\\/\\\/www.intergate.net.br\\\/blog\\\/vtex-agora-quer-ir-para-as-plataformas-b2b\\\/\"},\"wordCount\":978,\"publisher\":{\"@id\":\"https:\\\/\\\/www.intergate.net.br\\\/blog\\\/#organization\"},\"image\":{\"@id\":\"https:\\\/\\\/www.intergate.net.br\\\/blog\\\/vtex-agora-quer-ir-para-as-plataformas-b2b\\\/#primaryimage\"},\"thumbnailUrl\":\"https:\\\/\\\/www.intergate.net.br\\\/blog\\\/wp-content\\\/uploads\\\/2025\\\/04\\\/4483653.jpg\",\"keywords\":[\"B2B\",\"B2C\",\"ecommerce\",\"IA\",\"integracao\",\"interGATE\",\"transforma\u00e7\u00e3o digital\",\"vendasonline\"],\"articleSection\":[\"E-commerce\",\"Integra\u00e7\u00e3o de Sistemas\"],\"inLanguage\":\"pt-PT\"},{\"@type\":\"WebPage\",\"@id\":\"https:\\\/\\\/www.intergate.net.br\\\/blog\\\/vtex-agora-quer-ir-para-as-plataformas-b2b\\\/\",\"url\":\"https:\\\/\\\/www.intergate.net.br\\\/blog\\\/vtex-agora-quer-ir-para-as-plataformas-b2b\\\/\",\"name\":\"Vtex agora quer ir para as plataformas B2B - Blog InterGATE\",\"isPartOf\":{\"@id\":\"https:\\\/\\\/www.intergate.net.br\\\/blog\\\/#website\"},\"primaryImageOfPage\":{\"@id\":\"https:\\\/\\\/www.intergate.net.br\\\/blog\\\/vtex-agora-quer-ir-para-as-plataformas-b2b\\\/#primaryimage\"},\"image\":{\"@id\":\"https:\\\/\\\/www.intergate.net.br\\\/blog\\\/vtex-agora-quer-ir-para-as-plataformas-b2b\\\/#primaryimage\"},\"thumbnailUrl\":\"https:\\\/\\\/www.intergate.net.br\\\/blog\\\/wp-content\\\/uploads\\\/2025\\\/04\\\/4483653.jpg\",\"datePublished\":\"2025-04-08T18:01:06+00:00\",\"dateModified\":\"2025-10-14T20:33:09+00:00\",\"description\":\"Vtex agora quer ir para as plataformas B2B. Empresa de tecnologia v\u00ea espa\u00e7o para crescimento e aumenta aposta em intelig\u00eancia artificial\",\"breadcrumb\":{\"@id\":\"https:\\\/\\\/www.intergate.net.br\\\/blog\\\/vtex-agora-quer-ir-para-as-plataformas-b2b\\\/#breadcrumb\"},\"inLanguage\":\"pt-PT\",\"potentialAction\":[{\"@type\":\"ReadAction\",\"target\":[\"https:\\\/\\\/www.intergate.net.br\\\/blog\\\/vtex-agora-quer-ir-para-as-plataformas-b2b\\\/\"]}]},{\"@type\":\"ImageObject\",\"inLanguage\":\"pt-PT\",\"@id\":\"https:\\\/\\\/www.intergate.net.br\\\/blog\\\/vtex-agora-quer-ir-para-as-plataformas-b2b\\\/#primaryimage\",\"url\":\"https:\\\/\\\/www.intergate.net.br\\\/blog\\\/wp-content\\\/uploads\\\/2025\\\/04\\\/4483653.jpg\",\"contentUrl\":\"https:\\\/\\\/www.intergate.net.br\\\/blog\\\/wp-content\\\/uploads\\\/2025\\\/04\\\/4483653.jpg\",\"width\":660,\"height\":440},{\"@type\":\"BreadcrumbList\",\"@id\":\"https:\\\/\\\/www.intergate.net.br\\\/blog\\\/vtex-agora-quer-ir-para-as-plataformas-b2b\\\/#breadcrumb\",\"itemListElement\":[{\"@type\":\"ListItem\",\"position\":1,\"name\":\"In\u00edcio\",\"item\":\"https:\\\/\\\/www.intergate.net.br\\\/blog\\\/\"},{\"@type\":\"ListItem\",\"position\":2,\"name\":\"Vtex agora quer ir para as plataformas B2B\"}]},{\"@type\":\"WebSite\",\"@id\":\"https:\\\/\\\/www.intergate.net.br\\\/blog\\\/#website\",\"url\":\"https:\\\/\\\/www.intergate.net.br\\\/blog\\\/\",\"name\":\"Blog InterGATE\",\"description\":\"Integra\u00e7\u00e3o de Sistemas com os ERPs SAP Business One ou Totvs Protheus\",\"publisher\":{\"@id\":\"https:\\\/\\\/www.intergate.net.br\\\/blog\\\/#organization\"},\"potentialAction\":[{\"@type\":\"SearchAction\",\"target\":{\"@type\":\"EntryPoint\",\"urlTemplate\":\"https:\\\/\\\/www.intergate.net.br\\\/blog\\\/?s={search_term_string}\"},\"query-input\":{\"@type\":\"PropertyValueSpecification\",\"valueRequired\":true,\"valueName\":\"search_term_string\"}}],\"inLanguage\":\"pt-PT\"},{\"@type\":\"Organization\",\"@id\":\"https:\\\/\\\/www.intergate.net.br\\\/blog\\\/#organization\",\"name\":\"InterGATE Consultoria Digital\",\"url\":\"https:\\\/\\\/www.intergate.net.br\\\/blog\\\/\",\"logo\":{\"@type\":\"ImageObject\",\"inLanguage\":\"pt-PT\",\"@id\":\"https:\\\/\\\/www.intergate.net.br\\\/blog\\\/#\\\/schema\\\/logo\\\/image\\\/\",\"url\":\"https:\\\/\\\/www.intergate.net.br\\\/blog\\\/wp-content\\\/uploads\\\/2025\\\/06\\\/intergateLogo_original.jpg\",\"contentUrl\":\"https:\\\/\\\/www.intergate.net.br\\\/blog\\\/wp-content\\\/uploads\\\/2025\\\/06\\\/intergateLogo_original.jpg\",\"width\":512,\"height\":512,\"caption\":\"InterGATE Consultoria Digital\"},\"image\":{\"@id\":\"https:\\\/\\\/www.intergate.net.br\\\/blog\\\/#\\\/schema\\\/logo\\\/image\\\/\"},\"sameAs\":[\"https:\\\/\\\/www.linkedin.com\\\/company\\\/35540154\",\"https:\\\/\\\/www.youtube.com\\\/@intergateconsultoriadigita8503\"]},{\"@type\":\"Person\",\"@id\":\"https:\\\/\\\/www.intergate.net.br\\\/blog\\\/#\\\/schema\\\/person\\\/8efea68df8f7120ea0cf5bd5d855f919\",\"name\":\"Rafael Ogeda\",\"url\":\"https:\\\/\\\/www.intergate.net.br\\\/blog\\\/author\\\/rfr27j\\\/\"}]}<\/script>\n<!-- \/ Yoast SEO plugin. -->","yoast_head_json":{"title":"Vtex agora quer ir para as plataformas B2B - Blog InterGATE","description":"Vtex agora quer ir para as plataformas B2B. Empresa de tecnologia v\u00ea espa\u00e7o para crescimento e aumenta aposta em intelig\u00eancia artificial","robots":{"index":"index","follow":"follow","max-snippet":"max-snippet:-1","max-image-preview":"max-image-preview:large","max-video-preview":"max-video-preview:-1"},"canonical":"https:\/\/www.intergate.net.br\/blog\/vtex-agora-quer-ir-para-as-plataformas-b2b\/","og_locale":"pt_PT","og_type":"article","og_title":"Vtex agora quer ir para as plataformas B2B - Blog InterGATE","og_description":"Vtex agora quer ir para as plataformas B2B. Empresa de tecnologia v\u00ea espa\u00e7o para crescimento e aumenta aposta em intelig\u00eancia artificial","og_url":"https:\/\/www.intergate.net.br\/blog\/vtex-agora-quer-ir-para-as-plataformas-b2b\/","og_site_name":"Blog InterGATE","article_published_time":"2025-04-08T18:01:06+00:00","article_modified_time":"2025-10-14T20:33:09+00:00","og_image":[{"width":660,"height":440,"url":"https:\/\/www.intergate.net.br\/blog\/wp-content\/uploads\/2025\/04\/4483653.jpg","type":"image\/jpeg"}],"author":"Rafael Ogeda","twitter_misc":{"Escrito por":"Rafael Ogeda","Tempo estimado de leitura":"6 minutos"},"schema":{"@context":"https:\/\/schema.org","@graph":[{"@type":"Article","@id":"https:\/\/www.intergate.net.br\/blog\/vtex-agora-quer-ir-para-as-plataformas-b2b\/#article","isPartOf":{"@id":"https:\/\/www.intergate.net.br\/blog\/vtex-agora-quer-ir-para-as-plataformas-b2b\/"},"author":{"name":"Rafael Ogeda","@id":"https:\/\/www.intergate.net.br\/blog\/#\/schema\/person\/8efea68df8f7120ea0cf5bd5d855f919"},"headline":"Vtex agora quer ir para as plataformas B2B","datePublished":"2025-04-08T18:01:06+00:00","dateModified":"2025-10-14T20:33:09+00:00","mainEntityOfPage":{"@id":"https:\/\/www.intergate.net.br\/blog\/vtex-agora-quer-ir-para-as-plataformas-b2b\/"},"wordCount":978,"publisher":{"@id":"https:\/\/www.intergate.net.br\/blog\/#organization"},"image":{"@id":"https:\/\/www.intergate.net.br\/blog\/vtex-agora-quer-ir-para-as-plataformas-b2b\/#primaryimage"},"thumbnailUrl":"https:\/\/www.intergate.net.br\/blog\/wp-content\/uploads\/2025\/04\/4483653.jpg","keywords":["B2B","B2C","ecommerce","IA","integracao","interGATE","transforma\u00e7\u00e3o digital","vendasonline"],"articleSection":["E-commerce","Integra\u00e7\u00e3o de Sistemas"],"inLanguage":"pt-PT"},{"@type":"WebPage","@id":"https:\/\/www.intergate.net.br\/blog\/vtex-agora-quer-ir-para-as-plataformas-b2b\/","url":"https:\/\/www.intergate.net.br\/blog\/vtex-agora-quer-ir-para-as-plataformas-b2b\/","name":"Vtex agora quer ir para as plataformas B2B - Blog InterGATE","isPartOf":{"@id":"https:\/\/www.intergate.net.br\/blog\/#website"},"primaryImageOfPage":{"@id":"https:\/\/www.intergate.net.br\/blog\/vtex-agora-quer-ir-para-as-plataformas-b2b\/#primaryimage"},"image":{"@id":"https:\/\/www.intergate.net.br\/blog\/vtex-agora-quer-ir-para-as-plataformas-b2b\/#primaryimage"},"thumbnailUrl":"https:\/\/www.intergate.net.br\/blog\/wp-content\/uploads\/2025\/04\/4483653.jpg","datePublished":"2025-04-08T18:01:06+00:00","dateModified":"2025-10-14T20:33:09+00:00","description":"Vtex agora quer ir para as plataformas B2B. Empresa de tecnologia v\u00ea espa\u00e7o para crescimento e aumenta aposta em intelig\u00eancia artificial","breadcrumb":{"@id":"https:\/\/www.intergate.net.br\/blog\/vtex-agora-quer-ir-para-as-plataformas-b2b\/#breadcrumb"},"inLanguage":"pt-PT","potentialAction":[{"@type":"ReadAction","target":["https:\/\/www.intergate.net.br\/blog\/vtex-agora-quer-ir-para-as-plataformas-b2b\/"]}]},{"@type":"ImageObject","inLanguage":"pt-PT","@id":"https:\/\/www.intergate.net.br\/blog\/vtex-agora-quer-ir-para-as-plataformas-b2b\/#primaryimage","url":"https:\/\/www.intergate.net.br\/blog\/wp-content\/uploads\/2025\/04\/4483653.jpg","contentUrl":"https:\/\/www.intergate.net.br\/blog\/wp-content\/uploads\/2025\/04\/4483653.jpg","width":660,"height":440},{"@type":"BreadcrumbList","@id":"https:\/\/www.intergate.net.br\/blog\/vtex-agora-quer-ir-para-as-plataformas-b2b\/#breadcrumb","itemListElement":[{"@type":"ListItem","position":1,"name":"In\u00edcio","item":"https:\/\/www.intergate.net.br\/blog\/"},{"@type":"ListItem","position":2,"name":"Vtex agora quer ir para as plataformas B2B"}]},{"@type":"WebSite","@id":"https:\/\/www.intergate.net.br\/blog\/#website","url":"https:\/\/www.intergate.net.br\/blog\/","name":"Blog InterGATE","description":"Integra\u00e7\u00e3o de Sistemas com os ERPs SAP Business One ou Totvs Protheus","publisher":{"@id":"https:\/\/www.intergate.net.br\/blog\/#organization"},"potentialAction":[{"@type":"SearchAction","target":{"@type":"EntryPoint","urlTemplate":"https:\/\/www.intergate.net.br\/blog\/?s={search_term_string}"},"query-input":{"@type":"PropertyValueSpecification","valueRequired":true,"valueName":"search_term_string"}}],"inLanguage":"pt-PT"},{"@type":"Organization","@id":"https:\/\/www.intergate.net.br\/blog\/#organization","name":"InterGATE Consultoria Digital","url":"https:\/\/www.intergate.net.br\/blog\/","logo":{"@type":"ImageObject","inLanguage":"pt-PT","@id":"https:\/\/www.intergate.net.br\/blog\/#\/schema\/logo\/image\/","url":"https:\/\/www.intergate.net.br\/blog\/wp-content\/uploads\/2025\/06\/intergateLogo_original.jpg","contentUrl":"https:\/\/www.intergate.net.br\/blog\/wp-content\/uploads\/2025\/06\/intergateLogo_original.jpg","width":512,"height":512,"caption":"InterGATE Consultoria Digital"},"image":{"@id":"https:\/\/www.intergate.net.br\/blog\/#\/schema\/logo\/image\/"},"sameAs":["https:\/\/www.linkedin.com\/company\/35540154","https:\/\/www.youtube.com\/@intergateconsultoriadigita8503"]},{"@type":"Person","@id":"https:\/\/www.intergate.net.br\/blog\/#\/schema\/person\/8efea68df8f7120ea0cf5bd5d855f919","name":"Rafael Ogeda","url":"https:\/\/www.intergate.net.br\/blog\/author\/rfr27j\/"}]}},"_links":{"self":[{"href":"https:\/\/www.intergate.net.br\/blog\/wp-json\/wp\/v2\/posts\/8654","targetHints":{"allow":["GET"]}}],"collection":[{"href":"https:\/\/www.intergate.net.br\/blog\/wp-json\/wp\/v2\/posts"}],"about":[{"href":"https:\/\/www.intergate.net.br\/blog\/wp-json\/wp\/v2\/types\/post"}],"author":[{"embeddable":true,"href":"https:\/\/www.intergate.net.br\/blog\/wp-json\/wp\/v2\/users\/2"}],"replies":[{"embeddable":true,"href":"https:\/\/www.intergate.net.br\/blog\/wp-json\/wp\/v2\/comments?post=8654"}],"version-history":[{"count":0,"href":"https:\/\/www.intergate.net.br\/blog\/wp-json\/wp\/v2\/posts\/8654\/revisions"}],"wp:featuredmedia":[{"embeddable":true,"href":"https:\/\/www.intergate.net.br\/blog\/wp-json\/wp\/v2\/media\/8655"}],"wp:attachment":[{"href":"https:\/\/www.intergate.net.br\/blog\/wp-json\/wp\/v2\/media?parent=8654"}],"wp:term":[{"taxonomy":"category","embeddable":true,"href":"https:\/\/www.intergate.net.br\/blog\/wp-json\/wp\/v2\/categories?post=8654"},{"taxonomy":"post_tag","embeddable":true,"href":"https:\/\/www.intergate.net.br\/blog\/wp-json\/wp\/v2\/tags?post=8654"}],"curies":[{"name":"wp","href":"https:\/\/api.w.org\/{rel}","templated":true}]}}