{"id":8640,"date":"2025-03-10T19:59:03","date_gmt":"2025-03-10T19:59:03","guid":{"rendered":"https:\/\/www.intergate.net.br\/blog\/?p=8640"},"modified":"2025-03-10T19:59:03","modified_gmt":"2025-03-10T19:59:03","slug":"a-amazon-lanca-o-amazon-flex-no-brasil","status":"publish","type":"post","link":"https:\/\/www.intergate.net.br\/blog\/a-amazon-lanca-o-amazon-flex-no-brasil\/","title":{"rendered":"A Amazon lan\u00e7a o Amazon Flex no Brasil"},"content":{"rendered":"\n<p class=\"wp-block-paragraph\">A Amazon Brasil, gigante americana do e-commerce, vai lan\u00e7ar no Brasil no segundo semestre o Amazon Flex ser\u00e1 uma plataforma que permitir\u00e1 que motoristas aut\u00f4nomos utilizem ve\u00edculos pr\u00f3prios para a entrega de pacotes de pequeno porte em um raio de 40 quil\u00f4metros.<\/p>\n\n\n\n<!--more-->\n\n\n\n<p class=\"wp-block-paragraph\">\u00c9 o que revela o site\u00a0Brazil Economy. De acordo com as fontes do site, o Flex tem o potencial de reduzir pela metade o tempo de entrega dos produtos aos clientes onde for implementado.<\/p>\n\n\n\n<p class=\"wp-block-paragraph\">O intuito \u00e9 fazer com que determinadas compras realizadas em regi\u00f5es metropolitanas cheguem no mesmo dia \u00e0s m\u00e3os dos clientes e, assim, entrar ainda com mais for\u00e7a na disputa com concorrentes como Mercado Livre, Magalu e Shopee.<\/p>\n\n\n\n<p class=\"wp-block-paragraph\">Para se tornar apto e se cadastrar no aplicativo da Amazon, o motorista precisar\u00e1 atender a alguns requisitos: ter mais de 21 anos, possuir um carro de quatro portas \u2014 sed\u00e3 m\u00e9dio ou SUV \u2014, ter carteira de habilita\u00e7\u00e3o para uso profissional, manter um seguro do autom\u00f3vel de acordo com as exig\u00eancias e possuir uma conta banc\u00e1ria.<\/p>\n\n\n\n<p class=\"wp-block-paragraph\">Se aprovado, o entregador poder\u00e1 selecionar blocos de tempo em que ficar\u00e1 dispon\u00edvel para realizar as entregas, flexibilizando sua rotina para conciliar o trabalho com outras atividades.<\/p>\n\n\n\n<p class=\"wp-block-paragraph\">Tudo ser\u00e1 realizado via aplicativo \u2014 que estar\u00e1 dispon\u00edvel para dispositivos m\u00f3veis Android e iOS \u2014, desde a inscri\u00e7\u00e3o at\u00e9 a conclus\u00e3o das entregas, com suporte em tempo real.<\/p>\n\n\n\n<p class=\"wp-block-paragraph\">A plataforma, que j\u00e1 \u00e9 comum nos Estados Unidos, oferece uma m\u00e9dia de ganho para os parceiros cadastrados entre US$ 18 e US$ 25 por hora.<\/p>\n\n\n\n<p class=\"wp-block-paragraph\">As empresas de varejo eletr\u00f4nico travam hoje uma disputa acirrada por um mercado em constante crescimento.&nbsp;<\/p>\n\n\n\n<p class=\"wp-block-paragraph\">Dados do Relat\u00f3rio Setores E-commerce, da consultoria Conversion, apontam a lideran\u00e7a do Mercado Livre, com 13% (336,6 milh\u00f5es de acessos\/m\u00eas), seguido pela Shopee, com 8,7% (244,2 milh\u00f5es de acessos\/m\u00eas), e pela Amazon, na terceira posi\u00e7\u00e3o, com 7,4% (209,2 milh\u00f5es de acessos\/m\u00eas).<\/p>\n\n\n\n<p class=\"wp-block-paragraph\">Em termos de vendas totais, a Amazon est\u00e1 atr\u00e1s de suas concorrentes Mercado Livre e Magalu, segundo dados da Varese Retail.<\/p>\n\n\n\n<p class=\"wp-block-paragraph\">A empresa vem investindo pesado para mudar esse cen\u00e1rio. Esses investimentos v\u00e3o desde melhorias em redes log\u00edsticas e atividades corporativas, como a amplia\u00e7\u00e3o do corpo tecnol\u00f3gico com novas contrata\u00e7\u00f5es, at\u00e9 mudan\u00e7as na lideran\u00e7a da companhia.<\/p>\n\n\n\n<p class=\"wp-block-paragraph\">Atualmente, a Amazon possui 12 centros de distribui\u00e7\u00e3o no pa\u00eds, espalhados de norte a sul, al\u00e9m de 150 polos em regi\u00f5es estrat\u00e9gicas e 150 milh\u00f5es de produtos dispon\u00edveis para compra em mais de 50 categorias, entre varejo e marketplace.<\/p>\n\n\n\n<p class=\"wp-block-paragraph\">No in\u00edcio do ano, a empresa\u00a0substituiu\u00a0seu country manager, Daniel Mazini, pela executiva Juliana Sztrajtman, que deixou a Diretoria de Varejo \u2014 \u00e1rea em que atuava desde 2022 \u2014 para assumir como nova CEO da companhia.<\/p>\n\n\n\n<p class=\"wp-block-paragraph\">Com essas a\u00e7\u00f5es, a Amazon remodela e refor\u00e7a seu compromisso em assumir o protagonismo em um mercado no qual 50,9% de todo o consumo em e-commerce est\u00e1 concentrado em apenas dez empresas do setor.<\/p>\n\n\n\n<p class=\"wp-block-paragraph\">A empresa pretende conquistar os 49,1% do mercado atualmente dominado por varejistas locais. J\u00e1 no p\u00f3dio entre as dez maiores, a Amazon agora mira o topo.<\/p>\n\n\n\n<p class=\"wp-block-paragraph\">FONTE: <a href=\"https:\/\/www.baguete.com.br\/noticias\/amazon-flex-chega-ao-brasil\">Blog Baguete<\/a><\/p>\n","protected":false},"excerpt":{"rendered":"<p>A Amazon lan\u00e7a o Amazon Flex no Brasil<\/p>\n","protected":false},"author":2,"featured_media":8641,"comment_status":"closed","ping_status":"closed","sticky":false,"template":"","format":"standard","meta":{"content-type":"","_themeisle_gutenberg_block_has_review":false,"footnotes":""},"categories":[686,5],"tags":[179,236,276,288],"class_list":["post-8640","post","type-post","status-publish","format-standard","has-post-thumbnail","hentry","category-e-commerce","category-gestao-empresarial","tag-ecommerce","tag-gestao-empresarial","tag-integracao-3","tag-intergate"],"yoast_head":"<!-- This site is optimized with the Yoast SEO plugin v28.4 - https:\/\/yoast.com\/product\/yoast-seo-wordpress\/ -->\n<title>A Amazon lan\u00e7a o Amazon Flex no Brasil - Blog InterGATE<\/title>\n<meta name=\"description\" content=\"A Amazon Brasil, vai lan\u00e7ar o Amazon Flex, uma plataforma que permitir\u00e1 que motoristas aut\u00f4nomos utilizem ve\u00edculos pr\u00f3prios para a entrega de pacotes de pequeno porte\" \/>\n<meta name=\"robots\" content=\"index, follow, max-snippet:-1, max-image-preview:large, max-video-preview:-1\" \/>\n<link rel=\"canonical\" href=\"https:\/\/www.intergate.net.br\/blog\/a-amazon-lanca-o-amazon-flex-no-brasil\/\" \/>\n<meta property=\"og:locale\" content=\"pt_PT\" \/>\n<meta property=\"og:type\" content=\"article\" \/>\n<meta property=\"og:title\" content=\"A Amazon lan\u00e7a o Amazon Flex no Brasil - Blog InterGATE\" \/>\n<meta property=\"og:description\" content=\"A Amazon Brasil, vai lan\u00e7ar o Amazon Flex, uma plataforma que permitir\u00e1 que motoristas aut\u00f4nomos utilizem ve\u00edculos pr\u00f3prios para a entrega de pacotes de pequeno porte\" \/>\n<meta property=\"og:url\" content=\"https:\/\/www.intergate.net.br\/blog\/a-amazon-lanca-o-amazon-flex-no-brasil\/\" \/>\n<meta property=\"og:site_name\" content=\"Blog InterGATE\" \/>\n<meta property=\"article:published_time\" content=\"2025-03-10T19:59:03+00:00\" \/>\n<meta property=\"og:image\" content=\"https:\/\/www.intergate.net.br\/blog\/wp-content\/uploads\/2025\/03\/smart-technology-background-futuristic-glitching-hand-remixed-media.jpg\" \/>\n\t<meta property=\"og:image:width\" content=\"666\" \/>\n\t<meta property=\"og:image:height\" content=\"441\" \/>\n\t<meta property=\"og:image:type\" content=\"image\/jpeg\" \/>\n<meta name=\"author\" content=\"Rafael Ogeda\" \/>\n<meta name=\"twitter:label1\" content=\"Escrito por\" \/>\n\t<meta name=\"twitter:data1\" content=\"Rafael Ogeda\" \/>\n\t<meta name=\"twitter:label2\" content=\"Tempo estimado de leitura\" \/>\n\t<meta name=\"twitter:data2\" content=\"3 minutos\" \/>\n<script type=\"application\/ld+json\" class=\"yoast-schema-graph\">{\"@context\":\"https:\\\/\\\/schema.org\",\"@graph\":[{\"@type\":\"Article\",\"@id\":\"https:\\\/\\\/www.intergate.net.br\\\/blog\\\/a-amazon-lanca-o-amazon-flex-no-brasil\\\/#article\",\"isPartOf\":{\"@id\":\"https:\\\/\\\/www.intergate.net.br\\\/blog\\\/a-amazon-lanca-o-amazon-flex-no-brasil\\\/\"},\"author\":{\"name\":\"Rafael Ogeda\",\"@id\":\"https:\\\/\\\/www.intergate.net.br\\\/blog\\\/#\\\/schema\\\/person\\\/8efea68df8f7120ea0cf5bd5d855f919\"},\"headline\":\"A Amazon lan\u00e7a o Amazon Flex no Brasil\",\"datePublished\":\"2025-03-10T19:59:03+00:00\",\"mainEntityOfPage\":{\"@id\":\"https:\\\/\\\/www.intergate.net.br\\\/blog\\\/a-amazon-lanca-o-amazon-flex-no-brasil\\\/\"},\"wordCount\":541,\"publisher\":{\"@id\":\"https:\\\/\\\/www.intergate.net.br\\\/blog\\\/#organization\"},\"image\":{\"@id\":\"https:\\\/\\\/www.intergate.net.br\\\/blog\\\/a-amazon-lanca-o-amazon-flex-no-brasil\\\/#primaryimage\"},\"thumbnailUrl\":\"https:\\\/\\\/www.intergate.net.br\\\/blog\\\/wp-content\\\/uploads\\\/2025\\\/03\\\/smart-technology-background-futuristic-glitching-hand-remixed-media.jpg\",\"keywords\":[\"ecommerce\",\"gest\u00e3o empresarial\",\"integracao\",\"interGATE\"],\"articleSection\":[\"E-commerce\",\"Gest\u00e3o Empresarial\"],\"inLanguage\":\"pt-PT\"},{\"@type\":\"WebPage\",\"@id\":\"https:\\\/\\\/www.intergate.net.br\\\/blog\\\/a-amazon-lanca-o-amazon-flex-no-brasil\\\/\",\"url\":\"https:\\\/\\\/www.intergate.net.br\\\/blog\\\/a-amazon-lanca-o-amazon-flex-no-brasil\\\/\",\"name\":\"A Amazon lan\u00e7a o Amazon Flex no Brasil - Blog InterGATE\",\"isPartOf\":{\"@id\":\"https:\\\/\\\/www.intergate.net.br\\\/blog\\\/#website\"},\"primaryImageOfPage\":{\"@id\":\"https:\\\/\\\/www.intergate.net.br\\\/blog\\\/a-amazon-lanca-o-amazon-flex-no-brasil\\\/#primaryimage\"},\"image\":{\"@id\":\"https:\\\/\\\/www.intergate.net.br\\\/blog\\\/a-amazon-lanca-o-amazon-flex-no-brasil\\\/#primaryimage\"},\"thumbnailUrl\":\"https:\\\/\\\/www.intergate.net.br\\\/blog\\\/wp-content\\\/uploads\\\/2025\\\/03\\\/smart-technology-background-futuristic-glitching-hand-remixed-media.jpg\",\"datePublished\":\"2025-03-10T19:59:03+00:00\",\"description\":\"A Amazon Brasil, vai lan\u00e7ar o Amazon Flex, uma plataforma que permitir\u00e1 que motoristas aut\u00f4nomos utilizem ve\u00edculos pr\u00f3prios para a entrega de pacotes de pequeno porte\",\"breadcrumb\":{\"@id\":\"https:\\\/\\\/www.intergate.net.br\\\/blog\\\/a-amazon-lanca-o-amazon-flex-no-brasil\\\/#breadcrumb\"},\"inLanguage\":\"pt-PT\",\"potentialAction\":[{\"@type\":\"ReadAction\",\"target\":[\"https:\\\/\\\/www.intergate.net.br\\\/blog\\\/a-amazon-lanca-o-amazon-flex-no-brasil\\\/\"]}]},{\"@type\":\"ImageObject\",\"inLanguage\":\"pt-PT\",\"@id\":\"https:\\\/\\\/www.intergate.net.br\\\/blog\\\/a-amazon-lanca-o-amazon-flex-no-brasil\\\/#primaryimage\",\"url\":\"https:\\\/\\\/www.intergate.net.br\\\/blog\\\/wp-content\\\/uploads\\\/2025\\\/03\\\/smart-technology-background-futuristic-glitching-hand-remixed-media.jpg\",\"contentUrl\":\"https:\\\/\\\/www.intergate.net.br\\\/blog\\\/wp-content\\\/uploads\\\/2025\\\/03\\\/smart-technology-background-futuristic-glitching-hand-remixed-media.jpg\",\"width\":666,\"height\":441},{\"@type\":\"BreadcrumbList\",\"@id\":\"https:\\\/\\\/www.intergate.net.br\\\/blog\\\/a-amazon-lanca-o-amazon-flex-no-brasil\\\/#breadcrumb\",\"itemListElement\":[{\"@type\":\"ListItem\",\"position\":1,\"name\":\"In\u00edcio\",\"item\":\"https:\\\/\\\/www.intergate.net.br\\\/blog\\\/\"},{\"@type\":\"ListItem\",\"position\":2,\"name\":\"A Amazon lan\u00e7a o Amazon Flex no Brasil\"}]},{\"@type\":\"WebSite\",\"@id\":\"https:\\\/\\\/www.intergate.net.br\\\/blog\\\/#website\",\"url\":\"https:\\\/\\\/www.intergate.net.br\\\/blog\\\/\",\"name\":\"Blog InterGATE\",\"description\":\"Integra\u00e7\u00e3o de Sistemas com os ERPs SAP Business One ou Totvs Protheus\",\"publisher\":{\"@id\":\"https:\\\/\\\/www.intergate.net.br\\\/blog\\\/#organization\"},\"potentialAction\":[{\"@type\":\"SearchAction\",\"target\":{\"@type\":\"EntryPoint\",\"urlTemplate\":\"https:\\\/\\\/www.intergate.net.br\\\/blog\\\/?s={search_term_string}\"},\"query-input\":{\"@type\":\"PropertyValueSpecification\",\"valueRequired\":true,\"valueName\":\"search_term_string\"}}],\"inLanguage\":\"pt-PT\"},{\"@type\":\"Organization\",\"@id\":\"https:\\\/\\\/www.intergate.net.br\\\/blog\\\/#organization\",\"name\":\"InterGATE Consultoria Digital\",\"url\":\"https:\\\/\\\/www.intergate.net.br\\\/blog\\\/\",\"logo\":{\"@type\":\"ImageObject\",\"inLanguage\":\"pt-PT\",\"@id\":\"https:\\\/\\\/www.intergate.net.br\\\/blog\\\/#\\\/schema\\\/logo\\\/image\\\/\",\"url\":\"https:\\\/\\\/www.intergate.net.br\\\/blog\\\/wp-content\\\/uploads\\\/2025\\\/06\\\/intergateLogo_original.jpg\",\"contentUrl\":\"https:\\\/\\\/www.intergate.net.br\\\/blog\\\/wp-content\\\/uploads\\\/2025\\\/06\\\/intergateLogo_original.jpg\",\"width\":512,\"height\":512,\"caption\":\"InterGATE Consultoria Digital\"},\"image\":{\"@id\":\"https:\\\/\\\/www.intergate.net.br\\\/blog\\\/#\\\/schema\\\/logo\\\/image\\\/\"},\"sameAs\":[\"https:\\\/\\\/www.linkedin.com\\\/company\\\/35540154\",\"https:\\\/\\\/www.youtube.com\\\/@intergateconsultoriadigita8503\"]},{\"@type\":\"Person\",\"@id\":\"https:\\\/\\\/www.intergate.net.br\\\/blog\\\/#\\\/schema\\\/person\\\/8efea68df8f7120ea0cf5bd5d855f919\",\"name\":\"Rafael Ogeda\",\"url\":\"https:\\\/\\\/www.intergate.net.br\\\/blog\\\/author\\\/rfr27j\\\/\"}]}<\/script>\n<!-- \/ Yoast SEO plugin. -->","yoast_head_json":{"title":"A Amazon lan\u00e7a o Amazon Flex no Brasil - Blog InterGATE","description":"A Amazon Brasil, vai lan\u00e7ar o Amazon Flex, uma plataforma que permitir\u00e1 que motoristas aut\u00f4nomos utilizem ve\u00edculos pr\u00f3prios para a entrega de pacotes de pequeno porte","robots":{"index":"index","follow":"follow","max-snippet":"max-snippet:-1","max-image-preview":"max-image-preview:large","max-video-preview":"max-video-preview:-1"},"canonical":"https:\/\/www.intergate.net.br\/blog\/a-amazon-lanca-o-amazon-flex-no-brasil\/","og_locale":"pt_PT","og_type":"article","og_title":"A Amazon lan\u00e7a o Amazon Flex no Brasil - Blog InterGATE","og_description":"A Amazon Brasil, vai lan\u00e7ar o Amazon Flex, uma plataforma que permitir\u00e1 que motoristas aut\u00f4nomos utilizem ve\u00edculos pr\u00f3prios para a entrega de pacotes de pequeno porte","og_url":"https:\/\/www.intergate.net.br\/blog\/a-amazon-lanca-o-amazon-flex-no-brasil\/","og_site_name":"Blog InterGATE","article_published_time":"2025-03-10T19:59:03+00:00","og_image":[{"width":666,"height":441,"url":"https:\/\/www.intergate.net.br\/blog\/wp-content\/uploads\/2025\/03\/smart-technology-background-futuristic-glitching-hand-remixed-media.jpg","type":"image\/jpeg"}],"author":"Rafael Ogeda","twitter_misc":{"Escrito por":"Rafael Ogeda","Tempo estimado de leitura":"3 minutos"},"schema":{"@context":"https:\/\/schema.org","@graph":[{"@type":"Article","@id":"https:\/\/www.intergate.net.br\/blog\/a-amazon-lanca-o-amazon-flex-no-brasil\/#article","isPartOf":{"@id":"https:\/\/www.intergate.net.br\/blog\/a-amazon-lanca-o-amazon-flex-no-brasil\/"},"author":{"name":"Rafael Ogeda","@id":"https:\/\/www.intergate.net.br\/blog\/#\/schema\/person\/8efea68df8f7120ea0cf5bd5d855f919"},"headline":"A Amazon lan\u00e7a o Amazon Flex no Brasil","datePublished":"2025-03-10T19:59:03+00:00","mainEntityOfPage":{"@id":"https:\/\/www.intergate.net.br\/blog\/a-amazon-lanca-o-amazon-flex-no-brasil\/"},"wordCount":541,"publisher":{"@id":"https:\/\/www.intergate.net.br\/blog\/#organization"},"image":{"@id":"https:\/\/www.intergate.net.br\/blog\/a-amazon-lanca-o-amazon-flex-no-brasil\/#primaryimage"},"thumbnailUrl":"https:\/\/www.intergate.net.br\/blog\/wp-content\/uploads\/2025\/03\/smart-technology-background-futuristic-glitching-hand-remixed-media.jpg","keywords":["ecommerce","gest\u00e3o empresarial","integracao","interGATE"],"articleSection":["E-commerce","Gest\u00e3o Empresarial"],"inLanguage":"pt-PT"},{"@type":"WebPage","@id":"https:\/\/www.intergate.net.br\/blog\/a-amazon-lanca-o-amazon-flex-no-brasil\/","url":"https:\/\/www.intergate.net.br\/blog\/a-amazon-lanca-o-amazon-flex-no-brasil\/","name":"A Amazon lan\u00e7a o Amazon Flex no Brasil - Blog InterGATE","isPartOf":{"@id":"https:\/\/www.intergate.net.br\/blog\/#website"},"primaryImageOfPage":{"@id":"https:\/\/www.intergate.net.br\/blog\/a-amazon-lanca-o-amazon-flex-no-brasil\/#primaryimage"},"image":{"@id":"https:\/\/www.intergate.net.br\/blog\/a-amazon-lanca-o-amazon-flex-no-brasil\/#primaryimage"},"thumbnailUrl":"https:\/\/www.intergate.net.br\/blog\/wp-content\/uploads\/2025\/03\/smart-technology-background-futuristic-glitching-hand-remixed-media.jpg","datePublished":"2025-03-10T19:59:03+00:00","description":"A Amazon Brasil, vai lan\u00e7ar o Amazon Flex, uma plataforma que permitir\u00e1 que motoristas aut\u00f4nomos utilizem ve\u00edculos pr\u00f3prios para a entrega de pacotes de pequeno porte","breadcrumb":{"@id":"https:\/\/www.intergate.net.br\/blog\/a-amazon-lanca-o-amazon-flex-no-brasil\/#breadcrumb"},"inLanguage":"pt-PT","potentialAction":[{"@type":"ReadAction","target":["https:\/\/www.intergate.net.br\/blog\/a-amazon-lanca-o-amazon-flex-no-brasil\/"]}]},{"@type":"ImageObject","inLanguage":"pt-PT","@id":"https:\/\/www.intergate.net.br\/blog\/a-amazon-lanca-o-amazon-flex-no-brasil\/#primaryimage","url":"https:\/\/www.intergate.net.br\/blog\/wp-content\/uploads\/2025\/03\/smart-technology-background-futuristic-glitching-hand-remixed-media.jpg","contentUrl":"https:\/\/www.intergate.net.br\/blog\/wp-content\/uploads\/2025\/03\/smart-technology-background-futuristic-glitching-hand-remixed-media.jpg","width":666,"height":441},{"@type":"BreadcrumbList","@id":"https:\/\/www.intergate.net.br\/blog\/a-amazon-lanca-o-amazon-flex-no-brasil\/#breadcrumb","itemListElement":[{"@type":"ListItem","position":1,"name":"In\u00edcio","item":"https:\/\/www.intergate.net.br\/blog\/"},{"@type":"ListItem","position":2,"name":"A Amazon lan\u00e7a o Amazon Flex no Brasil"}]},{"@type":"WebSite","@id":"https:\/\/www.intergate.net.br\/blog\/#website","url":"https:\/\/www.intergate.net.br\/blog\/","name":"Blog InterGATE","description":"Integra\u00e7\u00e3o de Sistemas com os ERPs SAP Business One ou Totvs Protheus","publisher":{"@id":"https:\/\/www.intergate.net.br\/blog\/#organization"},"potentialAction":[{"@type":"SearchAction","target":{"@type":"EntryPoint","urlTemplate":"https:\/\/www.intergate.net.br\/blog\/?s={search_term_string}"},"query-input":{"@type":"PropertyValueSpecification","valueRequired":true,"valueName":"search_term_string"}}],"inLanguage":"pt-PT"},{"@type":"Organization","@id":"https:\/\/www.intergate.net.br\/blog\/#organization","name":"InterGATE Consultoria Digital","url":"https:\/\/www.intergate.net.br\/blog\/","logo":{"@type":"ImageObject","inLanguage":"pt-PT","@id":"https:\/\/www.intergate.net.br\/blog\/#\/schema\/logo\/image\/","url":"https:\/\/www.intergate.net.br\/blog\/wp-content\/uploads\/2025\/06\/intergateLogo_original.jpg","contentUrl":"https:\/\/www.intergate.net.br\/blog\/wp-content\/uploads\/2025\/06\/intergateLogo_original.jpg","width":512,"height":512,"caption":"InterGATE Consultoria Digital"},"image":{"@id":"https:\/\/www.intergate.net.br\/blog\/#\/schema\/logo\/image\/"},"sameAs":["https:\/\/www.linkedin.com\/company\/35540154","https:\/\/www.youtube.com\/@intergateconsultoriadigita8503"]},{"@type":"Person","@id":"https:\/\/www.intergate.net.br\/blog\/#\/schema\/person\/8efea68df8f7120ea0cf5bd5d855f919","name":"Rafael Ogeda","url":"https:\/\/www.intergate.net.br\/blog\/author\/rfr27j\/"}]}},"_links":{"self":[{"href":"https:\/\/www.intergate.net.br\/blog\/wp-json\/wp\/v2\/posts\/8640","targetHints":{"allow":["GET"]}}],"collection":[{"href":"https:\/\/www.intergate.net.br\/blog\/wp-json\/wp\/v2\/posts"}],"about":[{"href":"https:\/\/www.intergate.net.br\/blog\/wp-json\/wp\/v2\/types\/post"}],"author":[{"embeddable":true,"href":"https:\/\/www.intergate.net.br\/blog\/wp-json\/wp\/v2\/users\/2"}],"replies":[{"embeddable":true,"href":"https:\/\/www.intergate.net.br\/blog\/wp-json\/wp\/v2\/comments?post=8640"}],"version-history":[{"count":0,"href":"https:\/\/www.intergate.net.br\/blog\/wp-json\/wp\/v2\/posts\/8640\/revisions"}],"wp:featuredmedia":[{"embeddable":true,"href":"https:\/\/www.intergate.net.br\/blog\/wp-json\/wp\/v2\/media\/8641"}],"wp:attachment":[{"href":"https:\/\/www.intergate.net.br\/blog\/wp-json\/wp\/v2\/media?parent=8640"}],"wp:term":[{"taxonomy":"category","embeddable":true,"href":"https:\/\/www.intergate.net.br\/blog\/wp-json\/wp\/v2\/categories?post=8640"},{"taxonomy":"post_tag","embeddable":true,"href":"https:\/\/www.intergate.net.br\/blog\/wp-json\/wp\/v2\/tags?post=8640"}],"curies":[{"name":"wp","href":"https:\/\/api.w.org\/{rel}","templated":true}]}}