{"id":8313,"date":"2023-10-09T19:59:44","date_gmt":"2023-10-09T19:59:44","guid":{"rendered":"https:\/\/www.intergate.net.br\/blog\/?p=8313"},"modified":"2026-05-06T17:22:45","modified_gmt":"2026-05-06T20:22:45","slug":"ia-na-visao-dos-ceos-pode-gerar-beneficios-e-preocupacoes","status":"publish","type":"post","link":"https:\/\/www.intergate.net.br\/blog\/ia-na-visao-dos-ceos-pode-gerar-beneficios-e-preocupacoes\/","title":{"rendered":"IA na vis\u00e3o dos CEOs pode gerar benef\u00edcios e preocupa\u00e7\u00f5es"},"content":{"rendered":"\n<p class=\"wp-block-paragraph\">Como os CEOs enxergam a intelig\u00eancia artificial?<\/p>\n\n\n\n<p class=\"wp-block-paragraph\">Identificar essa e outras respostas \u00e9 um dos objetivos da edi\u00e7\u00e3o deste ano do CEO Outlook Pulse, pesquisa global feita pela EY. <\/p>\n\n\n\n<!--more-->\n\n\n\n<p class=\"wp-block-paragraph\"><strong>Foram ouvidos mais de 1.200 CEOs no mundo, sendo 50 no Brasil, de empresas com receita maior que US$ 1 bilh\u00e3o no \u00faltimo ano fiscal.<\/strong><\/p>\n\n\n\n<p class=\"wp-block-paragraph\">&#8220;De modo geral, os CEOs mundo afora est\u00e3o adotando a intelig\u00eancia artificial como uma for\u00e7a para o bem, mas mantendo-se cautelosos com consequ\u00eancias desconhecidas e n\u00e3o intencionais&#8221;. conta Leandro Berbert, s\u00f3cio de Estrat\u00e9gia e Transa\u00e7\u00f5es da EY Brasil. <\/p>\n\n\n\n<p class=\"wp-block-paragraph\"><em><strong>&#8220;Eles tamb\u00e9m acreditam que mais a\u00e7\u00f5es precisam ser feitas para mitigar significativos riscos sociais, \u00e9ticos e cibern\u00e9ticos&#8221;, completa.<\/strong><\/em><\/p>\n\n\n\n<p class=\"wp-block-paragraph\">Questionados sobre a IA ser<strong> &#8220;uma for\u00e7a para o bem, que impulsiona efici\u00eancia dos neg\u00f3cios e, portanto, cria resultados positivos para todos, como inova\u00e7\u00f5es em tratamentos de sa\u00fade&#8221;<\/strong>, 38% dos brasileiros concordam plenamente e 46% concordam de certo modo. No recorte global, esses n\u00fameros s\u00e3o, respectivamente, 29% e 26%.<\/p>\n\n\n\n<p class=\"wp-block-paragraph\">Quando o tema \u00e9 <strong>&#8220;O impacto da IA substituindo os humanos na for\u00e7a de trabalho ser\u00e1 contrabalan\u00e7ado pelas novas fun\u00e7\u00f5es e oportunidades de carreira que a tecnologia cria&#8221;<\/strong>, no Brasil, 32% concordam plenamente e 52% concordam em partes, enquanto no global, 27% concordam plenamente e 39% concordam em partes.<\/p>\n\n\n\n<p class=\"wp-block-paragraph\"><strong>&#8220;A comunidade empresarial precisa se concentrar muito mais nas implica\u00e7\u00f5es \u00e9ticas da IA e na forma como a sua utiliza\u00e7\u00e3o pode impactar \u00e1reas-chave das nossas vidas, como a privacidade&#8221;<\/strong>. Localmente, 52% concordam plenamente e 36% em partes. No global, apenas 29% concordam plenamente e 38% concordam em partes.<\/p>\n\n\n\n<p class=\"wp-block-paragraph\">J\u00e1 quando citada a seguinte frase <strong>&#8220;Precisamos fazer mais para mitigar os &#8216;maus atores&#8217; da IA que poderiam usar a tecnologia de maneiras prejudiciais \u2013 desde <a href=\"https:\/\/www.intergate.net.br\/blog\/alerta-evite-ciberataques\/\">ataques cibern\u00e9ticos<\/a> at\u00e9 falsifica\u00e7\u00f5es profundas e desinforma\u00e7\u00e3o&#8221;<\/strong>, 40% dos brasileiros concordam plenamente e 36% em partes. Enquanto globalmente, 28% concordam plenamente e 37% em partes.<\/p>\n\n\n\n<p class=\"wp-block-paragraph\">Por fim, quando analisado que <strong>&#8220;ainda n\u00e3o estamos fazendo o suficiente para gerir as consequ\u00eancias indesejadas da<a href=\"https:\/\/www.intergate.net.br\/blog\/ia-generativa-pode-facilitar-ataques-em-dispositivos-moveis\/\"> IA<\/a>, que poder\u00e3o ter implica\u00e7\u00f5es significativas para a comunidade empresarial e a sociedade&#8221;<\/strong>, as respostas no Brasil est\u00e3o equilibradas: 40% concordam plenamente e 40% em partes. J\u00e1 na m\u00e9dia global, 29% concorda plenamente e 35% em partes.<\/p>\n\n\n\n<h2 class=\"wp-block-heading\"><strong>Investimentos no pr\u00f3ximo ano<\/strong><\/h2>\n\n\n\n<p class=\"wp-block-paragraph\">Pensando nos pr\u00f3ximos 12 meses, os quatro principais focos de aloca\u00e7\u00e3o de capital para as empresas brasileiras s\u00e3o: fus\u00f5es e aquisi\u00e7\u00f5es\/M&amp;A (34%), reserva de caixa para oportunidades futuras ou desafios inesperados (30%), devolu\u00e7\u00e3o de capital aos acionistas por meio de dividendos e recompra de a\u00e7\u00f5es (20%) e iniciativas de crescimento org\u00e2nico (16%).<\/p>\n\n\n\n<p class=\"wp-block-paragraph\">Comparado com as respostas dos CEOs de outros pa\u00edses, a ordem fica diferente: reserva de caixa para oportunidades futuras ou desafios inesperados (29%), fus\u00f5es e aquisi\u00e7\u00f5es\/M&amp;A (26%), iniciativas de crescimento org\u00e2nico (25%) e devolu\u00e7\u00e3o de capital aos acionistas por meio de dividendos e recompra de a\u00e7\u00f5es (20%).<\/p>\n\n\n\n<p class=\"wp-block-paragraph\">Apenas 12% dos CEOs brasileiros n\u00e3o planejam nenhum investimento de capital significativo em inova\u00e7\u00e3o de produtos\/servi\u00e7os impulsionada por IA. <\/p>\n\n\n\n<p class=\"wp-block-paragraph\">Enquanto 36% n\u00e3o fizeram investimentos de capital significativos at\u00e9 o momento, mas planejam faz\u00ea-lo nos pr\u00f3ximos 12 meses e 52% j\u00e1 est\u00e3o totalmente integrados \u00e0s mudan\u00e7as de produtos\/servi\u00e7os impulsionadas pela<a href=\"https:\/\/www.intergate.net.br\/blog\/inteligencia-artificial-e-os-erps\/\"> IA<\/a> no processo de aloca\u00e7\u00e3o de capital e est\u00e3o investindo ativamente na inova\u00e7\u00e3o impulsionada pela IA. <\/p>\n\n\n\n<p class=\"wp-block-paragraph\">Para Leandro, &#8220;cada vez mais, a IA refor\u00e7a sua import\u00e2ncia junto com as estrat\u00e9gias de neg\u00f3cios das companhias, independentemente do setor de atua\u00e7\u00e3o. Mesmo sem o completo conhecimento, ela \u00e9 ferramenta importante para impulsionar, otimizar e desenvolver neg\u00f3cios&#8221;.<\/p>\n\n\n\n<figure class=\"wp-block-image size-full\"><img decoding=\"async\" width=\"590\" height=\"331\" src=\"https:\/\/www.intergate.net.br\/blog\/wp-content\/uploads\/2023\/10\/pegada-de-carbono.png\" alt=\"IA na vis\u00e3o dos CEOs pode gerar benef\u00edcios e preocupa\u00e7\u00f5es\" class=\"wp-image-8327\" srcset=\"https:\/\/www.intergate.net.br\/blog\/wp-content\/uploads\/2023\/10\/pegada-de-carbono.png 590w, https:\/\/www.intergate.net.br\/blog\/wp-content\/uploads\/2023\/10\/pegada-de-carbono-300x168.png 300w\" sizes=\"(max-width: 590px) 100vw, 590px\" \/><\/figure>\n\n\n\n<h2 class=\"wp-block-heading\"><strong>Sustentabilidade<\/strong><\/h2>\n\n\n\n<p class=\"wp-block-paragraph\">Em muitos casos, a IA tamb\u00e9m \u00e9 vista como uma possibilidade de acelerar o progresso da companhia em <a href=\"https:\/\/www.intergate.net.br\/blog\/sustentabilidade-e-meio-ambiente-nas-empresas\/\">sustentabilidade<\/a>, j\u00e1 que investidores, reguladores, consumidores e stakeholders exigem cada vez mais transpar\u00eancia ambiental, social e de governan\u00e7a, seguindo os par\u00e2metros da agenda ESG.<\/p>\n\n\n\n<p class=\"wp-block-paragraph\">Para 16% dos entrevistados brasileiros, as iniciativas de sustentabilidade est\u00e3o na vanguarda da estrat\u00e9gia de aloca\u00e7\u00e3o de capital e dedicam recursos substanciais para apoi\u00e1-las. <\/p>\n\n\n\n<p class=\"wp-block-paragraph\">J\u00e1 36% priorizam iniciativas de sustentabilidade e alocam parcela significativa do capital para isso, enquanto 34% alocam capital para a\u00e7\u00f5es de sustentabilidade no mesmo n\u00edvel que outras prioridades de neg\u00f3cios e 14% consideram as iniciativas de sustentabilidade, mas o tema n\u00e3o tem peso significativo na aloca\u00e7\u00e3o de capital.<\/p>\n\n\n\n<p class=\"wp-block-paragraph\">O estudo traz um ponto positivo sobre a relev\u00e2ncia do tema sustentabilidade no mundo corporativo brasileiro. Enquanto 10% dos CEOs \u2013 em \u00e2mbito global \u2013 n\u00e3o consideram o tema prioridade para aloca\u00e7\u00e3o de capital da companhia, no Brasil todos os entrevistados consideram que iniciativas sustent\u00e1veis est\u00e3o no radar priorit\u00e1rio quando se trata de aloca\u00e7\u00e3o de recursos.<\/p>\n\n\n\n<p class=\"wp-block-paragraph\">Ainda na m\u00e9dia global, 16% tamb\u00e9m afirmam que as iniciativas de sustentabilidade est\u00e3o na vanguarda da estrat\u00e9gia de aloca\u00e7\u00e3o de capital e dedicam recursos substanciais para apoi\u00e1-las, 22% priorizam iniciativas de sustentabilidade e alocam parcela significativa do capital para isso, 28% alocam capital para iniciativas de sustentabilidade no mesmo n\u00edvel que outras prioridades de neg\u00f3cios e 24% consideram as iniciativas de sustentabilidade, mas o tema n\u00e3o tem peso significativo na aloca\u00e7\u00e3o de capital.<\/p>\n\n\n\n<p class=\"wp-block-paragraph\">Imagem de rawpixel.com no Freepik<br>FONTE: Blog TI inside<\/p>\n","protected":false},"excerpt":{"rendered":"<p>IA na vis\u00e3o dos CEOs pode gerar benef\u00edcios e preocupa\u00e7<\/p>\n","protected":false},"author":5,"featured_media":8390,"comment_status":"closed","ping_status":"closed","sticky":false,"template":"","format":"standard","meta":{"content-type":"","_themeisle_gutenberg_block_has_review":false,"footnotes":""},"categories":[4],"tags":[62,193,236,276,288,372,432,537],"class_list":["post-8313","post","type-post","status-publish","format-standard","has-post-thumbnail","hentry","category-ferramentas","tag-api","tag-erp","tag-gestao-empresarial","tag-integracao-3","tag-intergate","tag-otimizar-processos","tag-rpa","tag-tecnologia"],"yoast_head":"<!-- This site is optimized with the Yoast SEO plugin v28.4 - https:\/\/yoast.com\/product\/yoast-seo-wordpress\/ -->\n<title>IA na vis\u00e3o dos CEOs pode gerar benef\u00edcios e preocupa\u00e7\u00f5es - Blog InterGATE<\/title>\n<meta name=\"description\" content=\"IA na vis\u00e3o dos CEOs pode gerar benef\u00edcios e preocupa\u00e7\u00f5es, Identificar essa e outras respostas \u00e9 um dos objetivos CEO Outlook Pulse\" \/>\n<meta name=\"robots\" content=\"index, follow, max-snippet:-1, max-image-preview:large, max-video-preview:-1\" \/>\n<link rel=\"canonical\" href=\"https:\/\/www.intergate.net.br\/blog\/ia-na-visao-dos-ceos-pode-gerar-beneficios-e-preocupacoes\/\" \/>\n<meta property=\"og:locale\" content=\"pt_PT\" \/>\n<meta property=\"og:type\" content=\"article\" \/>\n<meta property=\"og:title\" content=\"IA na vis\u00e3o dos CEOs pode gerar benef\u00edcios e preocupa\u00e7\u00f5es - Blog InterGATE\" \/>\n<meta property=\"og:description\" content=\"IA na vis\u00e3o dos CEOs pode gerar benef\u00edcios e preocupa\u00e7\u00f5es, Identificar essa e outras respostas \u00e9 um dos objetivos CEO Outlook Pulse\" \/>\n<meta property=\"og:url\" content=\"https:\/\/www.intergate.net.br\/blog\/ia-na-visao-dos-ceos-pode-gerar-beneficios-e-preocupacoes\/\" \/>\n<meta property=\"og:site_name\" content=\"Blog InterGATE\" \/>\n<meta property=\"article:published_time\" content=\"2023-10-09T19:59:44+00:00\" \/>\n<meta property=\"article:modified_time\" content=\"2026-05-06T20:22:45+00:00\" \/>\n<meta property=\"og:image\" content=\"https:\/\/www.intergate.net.br\/blog\/wp-content\/uploads\/2023\/12\/RoboFreepik.jpg\" \/>\n\t<meta property=\"og:image:width\" content=\"660\" \/>\n\t<meta property=\"og:image:height\" content=\"371\" \/>\n\t<meta property=\"og:image:type\" content=\"image\/jpeg\" \/>\n<meta name=\"author\" content=\"Monica Nietsche\" \/>\n<meta name=\"twitter:label1\" content=\"Escrito por\" \/>\n\t<meta name=\"twitter:data1\" content=\"Monica Nietsche\" \/>\n\t<meta name=\"twitter:label2\" content=\"Tempo estimado de leitura\" \/>\n\t<meta name=\"twitter:data2\" content=\"5 minutos\" \/>\n<script type=\"application\/ld+json\" class=\"yoast-schema-graph\">{\"@context\":\"https:\\\/\\\/schema.org\",\"@graph\":[{\"@type\":\"Article\",\"@id\":\"https:\\\/\\\/www.intergate.net.br\\\/blog\\\/ia-na-visao-dos-ceos-pode-gerar-beneficios-e-preocupacoes\\\/#article\",\"isPartOf\":{\"@id\":\"https:\\\/\\\/www.intergate.net.br\\\/blog\\\/ia-na-visao-dos-ceos-pode-gerar-beneficios-e-preocupacoes\\\/\"},\"author\":{\"name\":\"Monica Nietsche\",\"@id\":\"https:\\\/\\\/www.intergate.net.br\\\/blog\\\/#\\\/schema\\\/person\\\/6b1a11e7323bddf910bfd7b20b262288\"},\"headline\":\"IA na vis\u00e3o dos CEOs pode gerar benef\u00edcios e preocupa\u00e7\u00f5es\",\"datePublished\":\"2023-10-09T19:59:44+00:00\",\"dateModified\":\"2026-05-06T20:22:45+00:00\",\"mainEntityOfPage\":{\"@id\":\"https:\\\/\\\/www.intergate.net.br\\\/blog\\\/ia-na-visao-dos-ceos-pode-gerar-beneficios-e-preocupacoes\\\/\"},\"wordCount\":887,\"publisher\":{\"@id\":\"https:\\\/\\\/www.intergate.net.br\\\/blog\\\/#organization\"},\"image\":{\"@id\":\"https:\\\/\\\/www.intergate.net.br\\\/blog\\\/ia-na-visao-dos-ceos-pode-gerar-beneficios-e-preocupacoes\\\/#primaryimage\"},\"thumbnailUrl\":\"https:\\\/\\\/www.intergate.net.br\\\/blog\\\/wp-content\\\/uploads\\\/2023\\\/12\\\/RoboFreepik.jpg\",\"keywords\":[\"API\",\"ERP\",\"gest\u00e3o empresarial\",\"integracao\",\"interGATE\",\"otimizar processos\",\"rpa\",\"tecnologia\"],\"articleSection\":[\"Ferramentas\"],\"inLanguage\":\"pt-PT\"},{\"@type\":\"WebPage\",\"@id\":\"https:\\\/\\\/www.intergate.net.br\\\/blog\\\/ia-na-visao-dos-ceos-pode-gerar-beneficios-e-preocupacoes\\\/\",\"url\":\"https:\\\/\\\/www.intergate.net.br\\\/blog\\\/ia-na-visao-dos-ceos-pode-gerar-beneficios-e-preocupacoes\\\/\",\"name\":\"IA na vis\u00e3o dos CEOs pode gerar benef\u00edcios e preocupa\u00e7\u00f5es - Blog InterGATE\",\"isPartOf\":{\"@id\":\"https:\\\/\\\/www.intergate.net.br\\\/blog\\\/#website\"},\"primaryImageOfPage\":{\"@id\":\"https:\\\/\\\/www.intergate.net.br\\\/blog\\\/ia-na-visao-dos-ceos-pode-gerar-beneficios-e-preocupacoes\\\/#primaryimage\"},\"image\":{\"@id\":\"https:\\\/\\\/www.intergate.net.br\\\/blog\\\/ia-na-visao-dos-ceos-pode-gerar-beneficios-e-preocupacoes\\\/#primaryimage\"},\"thumbnailUrl\":\"https:\\\/\\\/www.intergate.net.br\\\/blog\\\/wp-content\\\/uploads\\\/2023\\\/12\\\/RoboFreepik.jpg\",\"datePublished\":\"2023-10-09T19:59:44+00:00\",\"dateModified\":\"2026-05-06T20:22:45+00:00\",\"description\":\"IA na vis\u00e3o dos CEOs pode gerar benef\u00edcios e preocupa\u00e7\u00f5es, Identificar essa e outras respostas \u00e9 um dos objetivos CEO Outlook Pulse\",\"breadcrumb\":{\"@id\":\"https:\\\/\\\/www.intergate.net.br\\\/blog\\\/ia-na-visao-dos-ceos-pode-gerar-beneficios-e-preocupacoes\\\/#breadcrumb\"},\"inLanguage\":\"pt-PT\",\"potentialAction\":[{\"@type\":\"ReadAction\",\"target\":[\"https:\\\/\\\/www.intergate.net.br\\\/blog\\\/ia-na-visao-dos-ceos-pode-gerar-beneficios-e-preocupacoes\\\/\"]}]},{\"@type\":\"ImageObject\",\"inLanguage\":\"pt-PT\",\"@id\":\"https:\\\/\\\/www.intergate.net.br\\\/blog\\\/ia-na-visao-dos-ceos-pode-gerar-beneficios-e-preocupacoes\\\/#primaryimage\",\"url\":\"https:\\\/\\\/www.intergate.net.br\\\/blog\\\/wp-content\\\/uploads\\\/2023\\\/12\\\/RoboFreepik.jpg\",\"contentUrl\":\"https:\\\/\\\/www.intergate.net.br\\\/blog\\\/wp-content\\\/uploads\\\/2023\\\/12\\\/RoboFreepik.jpg\",\"width\":660,\"height\":371},{\"@type\":\"BreadcrumbList\",\"@id\":\"https:\\\/\\\/www.intergate.net.br\\\/blog\\\/ia-na-visao-dos-ceos-pode-gerar-beneficios-e-preocupacoes\\\/#breadcrumb\",\"itemListElement\":[{\"@type\":\"ListItem\",\"position\":1,\"name\":\"In\u00edcio\",\"item\":\"https:\\\/\\\/www.intergate.net.br\\\/blog\\\/\"},{\"@type\":\"ListItem\",\"position\":2,\"name\":\"IA na vis\u00e3o dos CEOs pode gerar benef\u00edcios e preocupa\u00e7\u00f5es\"}]},{\"@type\":\"WebSite\",\"@id\":\"https:\\\/\\\/www.intergate.net.br\\\/blog\\\/#website\",\"url\":\"https:\\\/\\\/www.intergate.net.br\\\/blog\\\/\",\"name\":\"Blog InterGATE\",\"description\":\"Integra\u00e7\u00e3o de Sistemas com os ERPs SAP Business One ou Totvs Protheus\",\"publisher\":{\"@id\":\"https:\\\/\\\/www.intergate.net.br\\\/blog\\\/#organization\"},\"potentialAction\":[{\"@type\":\"SearchAction\",\"target\":{\"@type\":\"EntryPoint\",\"urlTemplate\":\"https:\\\/\\\/www.intergate.net.br\\\/blog\\\/?s={search_term_string}\"},\"query-input\":{\"@type\":\"PropertyValueSpecification\",\"valueRequired\":true,\"valueName\":\"search_term_string\"}}],\"inLanguage\":\"pt-PT\"},{\"@type\":\"Organization\",\"@id\":\"https:\\\/\\\/www.intergate.net.br\\\/blog\\\/#organization\",\"name\":\"InterGATE Consultoria Digital\",\"url\":\"https:\\\/\\\/www.intergate.net.br\\\/blog\\\/\",\"logo\":{\"@type\":\"ImageObject\",\"inLanguage\":\"pt-PT\",\"@id\":\"https:\\\/\\\/www.intergate.net.br\\\/blog\\\/#\\\/schema\\\/logo\\\/image\\\/\",\"url\":\"https:\\\/\\\/www.intergate.net.br\\\/blog\\\/wp-content\\\/uploads\\\/2025\\\/06\\\/intergateLogo_original.jpg\",\"contentUrl\":\"https:\\\/\\\/www.intergate.net.br\\\/blog\\\/wp-content\\\/uploads\\\/2025\\\/06\\\/intergateLogo_original.jpg\",\"width\":512,\"height\":512,\"caption\":\"InterGATE Consultoria Digital\"},\"image\":{\"@id\":\"https:\\\/\\\/www.intergate.net.br\\\/blog\\\/#\\\/schema\\\/logo\\\/image\\\/\"},\"sameAs\":[\"https:\\\/\\\/www.linkedin.com\\\/company\\\/35540154\",\"https:\\\/\\\/www.youtube.com\\\/@intergateconsultoriadigita8503\"]},{\"@type\":\"Person\",\"@id\":\"https:\\\/\\\/www.intergate.net.br\\\/blog\\\/#\\\/schema\\\/person\\\/6b1a11e7323bddf910bfd7b20b262288\",\"name\":\"Monica Nietsche\",\"url\":\"https:\\\/\\\/www.intergate.net.br\\\/blog\\\/author\\\/monica\\\/\"}]}<\/script>\n<!-- \/ Yoast SEO plugin. -->","yoast_head_json":{"title":"IA na vis\u00e3o dos CEOs pode gerar benef\u00edcios e preocupa\u00e7\u00f5es - Blog InterGATE","description":"IA na vis\u00e3o dos CEOs pode gerar benef\u00edcios e preocupa\u00e7\u00f5es, Identificar essa e outras respostas \u00e9 um dos objetivos CEO Outlook Pulse","robots":{"index":"index","follow":"follow","max-snippet":"max-snippet:-1","max-image-preview":"max-image-preview:large","max-video-preview":"max-video-preview:-1"},"canonical":"https:\/\/www.intergate.net.br\/blog\/ia-na-visao-dos-ceos-pode-gerar-beneficios-e-preocupacoes\/","og_locale":"pt_PT","og_type":"article","og_title":"IA na vis\u00e3o dos CEOs pode gerar benef\u00edcios e preocupa\u00e7\u00f5es - Blog InterGATE","og_description":"IA na vis\u00e3o dos CEOs pode gerar benef\u00edcios e preocupa\u00e7\u00f5es, Identificar essa e outras respostas \u00e9 um dos objetivos CEO Outlook Pulse","og_url":"https:\/\/www.intergate.net.br\/blog\/ia-na-visao-dos-ceos-pode-gerar-beneficios-e-preocupacoes\/","og_site_name":"Blog InterGATE","article_published_time":"2023-10-09T19:59:44+00:00","article_modified_time":"2026-05-06T20:22:45+00:00","og_image":[{"width":660,"height":371,"url":"https:\/\/www.intergate.net.br\/blog\/wp-content\/uploads\/2023\/12\/RoboFreepik.jpg","type":"image\/jpeg"}],"author":"Monica Nietsche","twitter_misc":{"Escrito por":"Monica Nietsche","Tempo estimado de leitura":"5 minutos"},"schema":{"@context":"https:\/\/schema.org","@graph":[{"@type":"Article","@id":"https:\/\/www.intergate.net.br\/blog\/ia-na-visao-dos-ceos-pode-gerar-beneficios-e-preocupacoes\/#article","isPartOf":{"@id":"https:\/\/www.intergate.net.br\/blog\/ia-na-visao-dos-ceos-pode-gerar-beneficios-e-preocupacoes\/"},"author":{"name":"Monica Nietsche","@id":"https:\/\/www.intergate.net.br\/blog\/#\/schema\/person\/6b1a11e7323bddf910bfd7b20b262288"},"headline":"IA na vis\u00e3o dos CEOs pode gerar benef\u00edcios e preocupa\u00e7\u00f5es","datePublished":"2023-10-09T19:59:44+00:00","dateModified":"2026-05-06T20:22:45+00:00","mainEntityOfPage":{"@id":"https:\/\/www.intergate.net.br\/blog\/ia-na-visao-dos-ceos-pode-gerar-beneficios-e-preocupacoes\/"},"wordCount":887,"publisher":{"@id":"https:\/\/www.intergate.net.br\/blog\/#organization"},"image":{"@id":"https:\/\/www.intergate.net.br\/blog\/ia-na-visao-dos-ceos-pode-gerar-beneficios-e-preocupacoes\/#primaryimage"},"thumbnailUrl":"https:\/\/www.intergate.net.br\/blog\/wp-content\/uploads\/2023\/12\/RoboFreepik.jpg","keywords":["API","ERP","gest\u00e3o empresarial","integracao","interGATE","otimizar processos","rpa","tecnologia"],"articleSection":["Ferramentas"],"inLanguage":"pt-PT"},{"@type":"WebPage","@id":"https:\/\/www.intergate.net.br\/blog\/ia-na-visao-dos-ceos-pode-gerar-beneficios-e-preocupacoes\/","url":"https:\/\/www.intergate.net.br\/blog\/ia-na-visao-dos-ceos-pode-gerar-beneficios-e-preocupacoes\/","name":"IA na vis\u00e3o dos CEOs pode gerar benef\u00edcios e preocupa\u00e7\u00f5es - Blog InterGATE","isPartOf":{"@id":"https:\/\/www.intergate.net.br\/blog\/#website"},"primaryImageOfPage":{"@id":"https:\/\/www.intergate.net.br\/blog\/ia-na-visao-dos-ceos-pode-gerar-beneficios-e-preocupacoes\/#primaryimage"},"image":{"@id":"https:\/\/www.intergate.net.br\/blog\/ia-na-visao-dos-ceos-pode-gerar-beneficios-e-preocupacoes\/#primaryimage"},"thumbnailUrl":"https:\/\/www.intergate.net.br\/blog\/wp-content\/uploads\/2023\/12\/RoboFreepik.jpg","datePublished":"2023-10-09T19:59:44+00:00","dateModified":"2026-05-06T20:22:45+00:00","description":"IA na vis\u00e3o dos CEOs pode gerar benef\u00edcios e preocupa\u00e7\u00f5es, Identificar essa e outras respostas \u00e9 um dos objetivos CEO Outlook Pulse","breadcrumb":{"@id":"https:\/\/www.intergate.net.br\/blog\/ia-na-visao-dos-ceos-pode-gerar-beneficios-e-preocupacoes\/#breadcrumb"},"inLanguage":"pt-PT","potentialAction":[{"@type":"ReadAction","target":["https:\/\/www.intergate.net.br\/blog\/ia-na-visao-dos-ceos-pode-gerar-beneficios-e-preocupacoes\/"]}]},{"@type":"ImageObject","inLanguage":"pt-PT","@id":"https:\/\/www.intergate.net.br\/blog\/ia-na-visao-dos-ceos-pode-gerar-beneficios-e-preocupacoes\/#primaryimage","url":"https:\/\/www.intergate.net.br\/blog\/wp-content\/uploads\/2023\/12\/RoboFreepik.jpg","contentUrl":"https:\/\/www.intergate.net.br\/blog\/wp-content\/uploads\/2023\/12\/RoboFreepik.jpg","width":660,"height":371},{"@type":"BreadcrumbList","@id":"https:\/\/www.intergate.net.br\/blog\/ia-na-visao-dos-ceos-pode-gerar-beneficios-e-preocupacoes\/#breadcrumb","itemListElement":[{"@type":"ListItem","position":1,"name":"In\u00edcio","item":"https:\/\/www.intergate.net.br\/blog\/"},{"@type":"ListItem","position":2,"name":"IA na vis\u00e3o dos CEOs pode gerar benef\u00edcios e preocupa\u00e7\u00f5es"}]},{"@type":"WebSite","@id":"https:\/\/www.intergate.net.br\/blog\/#website","url":"https:\/\/www.intergate.net.br\/blog\/","name":"Blog InterGATE","description":"Integra\u00e7\u00e3o de Sistemas com os ERPs SAP Business One ou Totvs Protheus","publisher":{"@id":"https:\/\/www.intergate.net.br\/blog\/#organization"},"potentialAction":[{"@type":"SearchAction","target":{"@type":"EntryPoint","urlTemplate":"https:\/\/www.intergate.net.br\/blog\/?s={search_term_string}"},"query-input":{"@type":"PropertyValueSpecification","valueRequired":true,"valueName":"search_term_string"}}],"inLanguage":"pt-PT"},{"@type":"Organization","@id":"https:\/\/www.intergate.net.br\/blog\/#organization","name":"InterGATE Consultoria Digital","url":"https:\/\/www.intergate.net.br\/blog\/","logo":{"@type":"ImageObject","inLanguage":"pt-PT","@id":"https:\/\/www.intergate.net.br\/blog\/#\/schema\/logo\/image\/","url":"https:\/\/www.intergate.net.br\/blog\/wp-content\/uploads\/2025\/06\/intergateLogo_original.jpg","contentUrl":"https:\/\/www.intergate.net.br\/blog\/wp-content\/uploads\/2025\/06\/intergateLogo_original.jpg","width":512,"height":512,"caption":"InterGATE Consultoria Digital"},"image":{"@id":"https:\/\/www.intergate.net.br\/blog\/#\/schema\/logo\/image\/"},"sameAs":["https:\/\/www.linkedin.com\/company\/35540154","https:\/\/www.youtube.com\/@intergateconsultoriadigita8503"]},{"@type":"Person","@id":"https:\/\/www.intergate.net.br\/blog\/#\/schema\/person\/6b1a11e7323bddf910bfd7b20b262288","name":"Monica Nietsche","url":"https:\/\/www.intergate.net.br\/blog\/author\/monica\/"}]}},"_links":{"self":[{"href":"https:\/\/www.intergate.net.br\/blog\/wp-json\/wp\/v2\/posts\/8313","targetHints":{"allow":["GET"]}}],"collection":[{"href":"https:\/\/www.intergate.net.br\/blog\/wp-json\/wp\/v2\/posts"}],"about":[{"href":"https:\/\/www.intergate.net.br\/blog\/wp-json\/wp\/v2\/types\/post"}],"author":[{"embeddable":true,"href":"https:\/\/www.intergate.net.br\/blog\/wp-json\/wp\/v2\/users\/5"}],"replies":[{"embeddable":true,"href":"https:\/\/www.intergate.net.br\/blog\/wp-json\/wp\/v2\/comments?post=8313"}],"version-history":[{"count":0,"href":"https:\/\/www.intergate.net.br\/blog\/wp-json\/wp\/v2\/posts\/8313\/revisions"}],"wp:featuredmedia":[{"embeddable":true,"href":"https:\/\/www.intergate.net.br\/blog\/wp-json\/wp\/v2\/media\/8390"}],"wp:attachment":[{"href":"https:\/\/www.intergate.net.br\/blog\/wp-json\/wp\/v2\/media?parent=8313"}],"wp:term":[{"taxonomy":"category","embeddable":true,"href":"https:\/\/www.intergate.net.br\/blog\/wp-json\/wp\/v2\/categories?post=8313"},{"taxonomy":"post_tag","embeddable":true,"href":"https:\/\/www.intergate.net.br\/blog\/wp-json\/wp\/v2\/tags?post=8313"}],"curies":[{"name":"wp","href":"https:\/\/api.w.org\/{rel}","templated":true}]}}