{"id":745,"date":"2017-06-05T12:04:29","date_gmt":"2017-06-05T15:04:29","guid":{"rendered":"http:\/\/www.rcodigital.com.br\/blog\/?p=745"},"modified":"2024-02-26T19:12:05","modified_gmt":"2024-02-26T19:12:05","slug":"sap-anuncia-que-ampliara-programas-de-desenvolvimento-profissional","status":"publish","type":"post","link":"https:\/\/www.intergate.net.br\/blog\/sap-anuncia-que-ampliara-programas-de-desenvolvimento-profissional\/","title":{"rendered":"SAP investe no desenvolvimento profissional para o futuro da Am\u00e9rica Latina"},"content":{"rendered":"<h1><em>SAP<\/em> anuncia que ampliar\u00e1 programas de desenvolvimento profissional aos estudantes latinos-americanos para o setor Tecnol\u00f3gico.<\/h1>\n<p><strong>A empresa quer proporcionar aos estudantes latino-americanos um melhor acesso ao mercado de trabalho<\/strong>, em especial no setor tecnologia. Para isto, a<strong>\u00a0<\/strong><em>SAP<\/em> anuncia que ampliar\u00e1 programas de desenvolvimento profissional\u00a0<strong>que iram\u00a0ajudar e a preparar a for\u00e7a de trabalho na Am\u00e9rica Latina.<\/strong><\/p>\n<p>Na regi\u00e3o, de acordo com uma pesquisa realizada pelo Manpower Group, 42% das empresas\u00a0t\u00eam dificuldade para preencher posi\u00e7\u00f5es relacionadas \u00e0s chamadas compet\u00eancias <em>STEM<\/em> (Ci\u00eancia, Tecnologia, Engenharia e Matem\u00e1tica).<\/p>\n<p><strong>Veja quais s\u00e3o os programas de capacita\u00e7\u00e3o profissional!<\/strong><\/p>\n<p><!--more--><\/p>\n<h2><em>Young Professional<\/em><\/h2>\n<p>Um dos programas da empresa que ser\u00e1 expandido \u00e9 o<strong> <em>Young Professional<\/em>, iniciativa do <em>SAP Training and Development Institute<\/em> (<em>TDI<\/em>)<\/strong>, criado em novembro de 2012, para ajudar no desenvolvimento de Consultores Associados certificados e de compet\u00eancias relacionadas a ferramentas e inova\u00e7\u00f5es da <em>SAP<\/em>.<\/p>\n<p>Os estudantes graduados no Programa podem ser inseridos em um ecossistema de parceiros ou aportar seus conhecimentos em clientes da <em>SAP<\/em>.<\/p>\n<p>J\u00e1 implementado no Brasil, desde o ano passado, e no M\u00e9xico, no in\u00edcio deste ano, dever\u00e1 ter sua primeira edi\u00e7\u00e3o na Argentina em julho.<\/p>\n<p><strong>No Brasil, at\u00e9 o momento, h\u00e1 50 graduados<\/strong> (980 em todo o mundo, desde o in\u00edcio do programa, em 2013),<strong> sendo que 35 deles j\u00e1 conseguiram empregar-se no ecossistema de parceiros<em> SAP<\/em>.<\/strong><\/p>\n<h2><em>Latin Code Week<\/em><\/h2>\n<p>Al\u00e9m disso, a <em>SAP<\/em> est\u00e1 refor\u00e7ando seu compromisso com o<strong><em> Latin Code Week<\/em> <\/strong>(<em>LCW<\/em>)<strong>, um programa regional criado pela <em>Junior Achievement<\/em><\/strong>, destinado a estudantes latino-americanos com idades entre 18 e 24 anos, com o objetivo de capacit\u00e1-los em habilidades anal\u00edticas e criativas, <em>design thinking<\/em>, <em>design<\/em>, programa\u00e7\u00e3o e prot\u00f3tipos de aplicativos, usando tecnologias pr\u00f3prias com a solu\u00e7\u00e3o <em>SAP BUILD.<\/em><\/p>\n<p><img decoding=\"async\" class=\"alignnone\" src=\"https:\/\/spo.ifsp.edu.br\/images\/imagem_artigo\/2016\/09_SETEMBRO\/latincodeweek.jpg\" alt=\"SAP anuncia que ampliar\u00e1 programas de desenvolvimento profissional, exemplo: Latin Code Week\" width=\"600\" height=\"342\" \/><\/p>\n<p>A<em> LCW<\/em> visa preparar as gera\u00e7\u00f5es futuras com os recursos necess\u00e1rios para que se tornem atores relevantes no desenvolvimento e na for\u00e7a de trabalho da Am\u00e9rica Latina.<\/p>\n<p>A <em>SAP<\/em> convida clientes para atuarem como palestrantes e avaliar projetos desenvolvidos pelos participantes, dirigidos para a solu\u00e7\u00e3o de problemas sociais com o uso da tecnologia.<\/p>\n<p><strong>Durante o ano de 2016, a<em> Latin Code Week<\/em> contou com a participa\u00e7\u00e3o de 50 volunt\u00e1rios e impactou 400 estudantes da Argentina, Brasil, Col\u00f4mbia e M\u00e9xico.<\/strong><\/p>\n<blockquote><p><em>&#8220;Este ano, com uma expans\u00e3o geogr\u00e1fica que agregou Chile, Costa Rica, Peru e Porto Rico, o evento dever\u00e1 ultrapassar mil participantes e 150 volunt\u00e1rios.&#8221;, <strong>relata Claudio Muruzabal, presidente da SAP<\/strong> <strong>para a Am\u00e9rica Latina e Caribe<\/strong>, tamb\u00e9m membro do conselho regional da Junior Achievement Am\u00e9ricas.<\/em><\/p><\/blockquote>\n<h2><em>SAP Next-Gen<\/em>, inova\u00e7\u00e3o<em> IoT<\/em> em\u00a0S\u00e3o Leopoldo\/RS<\/h2>\n<p><strong>A mais recente iniciativa da<em> SAP<\/em> no campo educacional<\/strong> aconteceu no \u00faltimo dia 16 de maio, no Brasil, com<strong> a inaugura\u00e7\u00e3o do primeiro <em>SAP Next-Gen<\/em> da Am\u00e9rica Latina<\/strong>, na Universidade <em>Unisinos<\/em> em S\u00e3o Leopoldo (RS).<\/p>\n<p><em>O SAP Next-Gen,<\/em> \u00e9 <strong>uma comunidade de inova\u00e7\u00e3o para <a href=\"http:\/\/www.intergate.net.br\/blog\/sap-leonardo-deve-revolucionar-negocios\/\" target=\"_blank\" rel=\"noopener noreferrer\"><em>SAP Leonardo<\/em><\/a> que vai conectar clientes ao meio acad\u00eamico<\/strong>,<em> startups<\/em>, aceleradoras, avaliadores de risco, especialistas e parceiros de neg\u00f3cios da <em>SAP<\/em> <strong>para reimaginar o futuro das ind\u00fastrias.<\/strong><\/p>\n<p>Conta com o apoio de metas globais das Na\u00e7\u00f5es Unidas, e tem como outros objetivos promover o desenvolvimento local e atrair os melhores talentos.<\/p>\n<blockquote><p><em>&#8220;O fen\u00f4meno da economia digital est\u00e1 fazendo com que um enorme n\u00famero de organiza\u00e7\u00f5es em todo o mundo demande talentos para posi\u00e7\u00f5es relacionadas \u00e0s chamadas compet\u00eancias STEM. C\u00e1lculos da McKinsey indicam que at\u00e9 2020, haver\u00e1 40 milh\u00f5es de vagas para profissionais especializados nessas \u00e1reas\u201d, <strong>diz Jennifer Mann, vice-presidente de Comunica\u00e7\u00e3o Corporativa e Responsabilidade Social da SAP<\/strong> <strong>para Am\u00e9rica Latina.\u00a0<\/strong><\/em><\/p>\n<p><em>&#8220;Essas habilidades podem representar, para um jovem latino-americano, a possibilidade de ter um futuro melhor.\u201d, conclui\u00a0Jennifer.<\/em><\/p><\/blockquote>\n<p><a href=\"http:\/\/www.intergate.net.br\/blog\/category\/sap-business-one\/\"><\/a><\/p>\n<hr \/>\n<p><strong>FONTE<\/strong>: <em>SAP News Center<\/em> [23\/05\/17]<\/p>\n<hr \/>\n<p>&nbsp;\t\t<\/p>\n","protected":false},"excerpt":{"rendered":"<p>SAP anuncia que ampliar\u00e1 programas de desenvolvimento profissional aos estudantes latinos-americanos para o setor Tecnol\u00f3gico. A empresa quer proporcionar aos estudantes latino-americanos um melhor acesso ao mercado de trabalho, em especial no setor tecnologia. Para isto, a\u00a0SAP anuncia que ampliar\u00e1 programas de desenvolvimento profissional\u00a0que iram\u00a0ajudar e a preparar a for\u00e7a [&hellip;]<\/p>\n","protected":false},"author":2,"featured_media":2000,"comment_status":"open","ping_status":"open","sticky":false,"template":"","format":"standard","meta":{"content-type":"","_themeisle_gutenberg_block_has_review":false,"footnotes":""},"categories":[3],"tags":[57,104,164,182,267,295,382,446,467,471,537],"class_list":["post-745","post","type-post","status-publish","format-standard","has-post-thumbnail","hentry","category-sem-classificacao","tag-america-latina","tag-capacitacao","tag-desenvolvimento-profissional","tag-educacao","tag-industria","tag-iot","tag-parceiros-sap","tag-sap-brasil","tag-sap-leonardo","tag-sap-next-gen","tag-tecnologia"],"yoast_head":"<!-- This site is optimized with the Yoast SEO plugin v27.4 - https:\/\/yoast.com\/product\/yoast-seo-wordpress\/ -->\n<title>SAP anuncia que ampliar\u00e1 programas de desenvolvimento profissional<\/title>\n<meta name=\"description\" content=\"SAP anuncia que ampliar\u00e1 programas de desenvolvimento profissional aos estudantes latinos-americanos para o setor Tecnol\u00f3gico.\" \/>\n<meta name=\"robots\" content=\"index, follow, max-snippet:-1, max-image-preview:large, max-video-preview:-1\" \/>\n<link rel=\"canonical\" href=\"https:\/\/www.intergate.net.br\/blog\/sap-anuncia-que-ampliara-programas-de-desenvolvimento-profissional\/\" \/>\n<meta property=\"og:locale\" content=\"pt_PT\" \/>\n<meta property=\"og:type\" content=\"article\" \/>\n<meta property=\"og:title\" content=\"SAP anuncia que ampliar\u00e1 programas de desenvolvimento profissional\" \/>\n<meta property=\"og:description\" content=\"SAP anuncia que ampliar\u00e1 programas de desenvolvimento profissional aos estudantes latinos-americanos para o setor Tecnol\u00f3gico.\" \/>\n<meta property=\"og:url\" content=\"https:\/\/www.intergate.net.br\/blog\/sap-anuncia-que-ampliara-programas-de-desenvolvimento-profissional\/\" \/>\n<meta property=\"og:site_name\" content=\"Blog InterGATE\" \/>\n<meta property=\"article:published_time\" content=\"2017-06-05T15:04:29+00:00\" \/>\n<meta property=\"article:modified_time\" content=\"2024-02-26T19:12:05+00:00\" \/>\n<meta property=\"og:image\" content=\"https:\/\/www.intergate.net.br\/blog\/wp-content\/uploads\/2017\/06\/DSC_02771-e1510331020962.jpg\" \/>\n\t<meta property=\"og:image:width\" content=\"600\" \/>\n\t<meta property=\"og:image:height\" content=\"400\" \/>\n\t<meta property=\"og:image:type\" content=\"image\/jpeg\" \/>\n<meta name=\"author\" content=\"Rafael Ogeda\" \/>\n<meta name=\"twitter:label1\" content=\"Escrito por\" \/>\n\t<meta name=\"twitter:data1\" content=\"Rafael Ogeda\" \/>\n\t<meta name=\"twitter:label2\" content=\"Tempo estimado de leitura\" \/>\n\t<meta name=\"twitter:data2\" content=\"3 minutos\" \/>\n<script type=\"application\/ld+json\" class=\"yoast-schema-graph\">{\"@context\":\"https:\\\/\\\/schema.org\",\"@graph\":[{\"@type\":\"Article\",\"@id\":\"https:\\\/\\\/www.intergate.net.br\\\/blog\\\/sap-anuncia-que-ampliara-programas-de-desenvolvimento-profissional\\\/#article\",\"isPartOf\":{\"@id\":\"https:\\\/\\\/www.intergate.net.br\\\/blog\\\/sap-anuncia-que-ampliara-programas-de-desenvolvimento-profissional\\\/\"},\"author\":{\"name\":\"Rafael Ogeda\",\"@id\":\"https:\\\/\\\/www.intergate.net.br\\\/blog\\\/#\\\/schema\\\/person\\\/8efea68df8f7120ea0cf5bd5d855f919\"},\"headline\":\"SAP investe no desenvolvimento profissional para o futuro da Am\u00e9rica Latina\",\"datePublished\":\"2017-06-05T15:04:29+00:00\",\"dateModified\":\"2024-02-26T19:12:05+00:00\",\"mainEntityOfPage\":{\"@id\":\"https:\\\/\\\/www.intergate.net.br\\\/blog\\\/sap-anuncia-que-ampliara-programas-de-desenvolvimento-profissional\\\/\"},\"wordCount\":640,\"commentCount\":0,\"publisher\":{\"@id\":\"https:\\\/\\\/www.intergate.net.br\\\/blog\\\/#organization\"},\"image\":{\"@id\":\"https:\\\/\\\/www.intergate.net.br\\\/blog\\\/sap-anuncia-que-ampliara-programas-de-desenvolvimento-profissional\\\/#primaryimage\"},\"thumbnailUrl\":\"https:\\\/\\\/www.intergate.net.br\\\/blog\\\/wp-content\\\/uploads\\\/2017\\\/06\\\/DSC_02771-e1510331020962.jpg\",\"keywords\":[\"Am\u00e9rica Latina\",\"capacita\u00e7\u00e3o\",\"desenvolvimento profissional\",\"educa\u00e7\u00e3o\",\"ind\u00fastria\",\"iot\",\"Parceiros SAP\",\"SAP Brasil\",\"SAP Leonardo\",\"SAP Next-Gen\",\"tecnologia\"],\"articleSection\":[\"Diversos\"],\"inLanguage\":\"pt-PT\",\"potentialAction\":[{\"@type\":\"CommentAction\",\"name\":\"Comment\",\"target\":[\"https:\\\/\\\/www.intergate.net.br\\\/blog\\\/sap-anuncia-que-ampliara-programas-de-desenvolvimento-profissional\\\/#respond\"]}]},{\"@type\":\"WebPage\",\"@id\":\"https:\\\/\\\/www.intergate.net.br\\\/blog\\\/sap-anuncia-que-ampliara-programas-de-desenvolvimento-profissional\\\/\",\"url\":\"https:\\\/\\\/www.intergate.net.br\\\/blog\\\/sap-anuncia-que-ampliara-programas-de-desenvolvimento-profissional\\\/\",\"name\":\"SAP anuncia que ampliar\u00e1 programas de desenvolvimento profissional\",\"isPartOf\":{\"@id\":\"https:\\\/\\\/www.intergate.net.br\\\/blog\\\/#website\"},\"primaryImageOfPage\":{\"@id\":\"https:\\\/\\\/www.intergate.net.br\\\/blog\\\/sap-anuncia-que-ampliara-programas-de-desenvolvimento-profissional\\\/#primaryimage\"},\"image\":{\"@id\":\"https:\\\/\\\/www.intergate.net.br\\\/blog\\\/sap-anuncia-que-ampliara-programas-de-desenvolvimento-profissional\\\/#primaryimage\"},\"thumbnailUrl\":\"https:\\\/\\\/www.intergate.net.br\\\/blog\\\/wp-content\\\/uploads\\\/2017\\\/06\\\/DSC_02771-e1510331020962.jpg\",\"datePublished\":\"2017-06-05T15:04:29+00:00\",\"dateModified\":\"2024-02-26T19:12:05+00:00\",\"description\":\"SAP anuncia que ampliar\u00e1 programas de desenvolvimento profissional aos estudantes latinos-americanos para o setor Tecnol\u00f3gico.\",\"breadcrumb\":{\"@id\":\"https:\\\/\\\/www.intergate.net.br\\\/blog\\\/sap-anuncia-que-ampliara-programas-de-desenvolvimento-profissional\\\/#breadcrumb\"},\"inLanguage\":\"pt-PT\",\"potentialAction\":[{\"@type\":\"ReadAction\",\"target\":[\"https:\\\/\\\/www.intergate.net.br\\\/blog\\\/sap-anuncia-que-ampliara-programas-de-desenvolvimento-profissional\\\/\"]}]},{\"@type\":\"ImageObject\",\"inLanguage\":\"pt-PT\",\"@id\":\"https:\\\/\\\/www.intergate.net.br\\\/blog\\\/sap-anuncia-que-ampliara-programas-de-desenvolvimento-profissional\\\/#primaryimage\",\"url\":\"https:\\\/\\\/www.intergate.net.br\\\/blog\\\/wp-content\\\/uploads\\\/2017\\\/06\\\/DSC_02771-e1510331020962.jpg\",\"contentUrl\":\"https:\\\/\\\/www.intergate.net.br\\\/blog\\\/wp-content\\\/uploads\\\/2017\\\/06\\\/DSC_02771-e1510331020962.jpg\",\"width\":600,\"height\":400,\"caption\":\"\"},{\"@type\":\"BreadcrumbList\",\"@id\":\"https:\\\/\\\/www.intergate.net.br\\\/blog\\\/sap-anuncia-que-ampliara-programas-de-desenvolvimento-profissional\\\/#breadcrumb\",\"itemListElement\":[{\"@type\":\"ListItem\",\"position\":1,\"name\":\"In\u00edcio\",\"item\":\"https:\\\/\\\/www.intergate.net.br\\\/blog\\\/\"},{\"@type\":\"ListItem\",\"position\":2,\"name\":\"SAP investe no desenvolvimento profissional para o futuro da Am\u00e9rica Latina\"}]},{\"@type\":\"WebSite\",\"@id\":\"https:\\\/\\\/www.intergate.net.br\\\/blog\\\/#website\",\"url\":\"https:\\\/\\\/www.intergate.net.br\\\/blog\\\/\",\"name\":\"Blog InterGATE\",\"description\":\"Integra\u00e7\u00e3o de Sistemas com os ERPs SAP Business One ou Totvs Protheus\",\"publisher\":{\"@id\":\"https:\\\/\\\/www.intergate.net.br\\\/blog\\\/#organization\"},\"potentialAction\":[{\"@type\":\"SearchAction\",\"target\":{\"@type\":\"EntryPoint\",\"urlTemplate\":\"https:\\\/\\\/www.intergate.net.br\\\/blog\\\/?s={search_term_string}\"},\"query-input\":{\"@type\":\"PropertyValueSpecification\",\"valueRequired\":true,\"valueName\":\"search_term_string\"}}],\"inLanguage\":\"pt-PT\"},{\"@type\":\"Organization\",\"@id\":\"https:\\\/\\\/www.intergate.net.br\\\/blog\\\/#organization\",\"name\":\"InterGATE Consultoria Digital\",\"url\":\"https:\\\/\\\/www.intergate.net.br\\\/blog\\\/\",\"logo\":{\"@type\":\"ImageObject\",\"inLanguage\":\"pt-PT\",\"@id\":\"https:\\\/\\\/www.intergate.net.br\\\/blog\\\/#\\\/schema\\\/logo\\\/image\\\/\",\"url\":\"https:\\\/\\\/www.intergate.net.br\\\/blog\\\/wp-content\\\/uploads\\\/2025\\\/06\\\/intergateLogo_original.jpg\",\"contentUrl\":\"https:\\\/\\\/www.intergate.net.br\\\/blog\\\/wp-content\\\/uploads\\\/2025\\\/06\\\/intergateLogo_original.jpg\",\"width\":512,\"height\":512,\"caption\":\"InterGATE Consultoria Digital\"},\"image\":{\"@id\":\"https:\\\/\\\/www.intergate.net.br\\\/blog\\\/#\\\/schema\\\/logo\\\/image\\\/\"},\"sameAs\":[\"https:\\\/\\\/www.linkedin.com\\\/company\\\/35540154\",\"https:\\\/\\\/www.youtube.com\\\/@intergateconsultoriadigita8503\"]},{\"@type\":\"Person\",\"@id\":\"https:\\\/\\\/www.intergate.net.br\\\/blog\\\/#\\\/schema\\\/person\\\/8efea68df8f7120ea0cf5bd5d855f919\",\"name\":\"Rafael Ogeda\",\"url\":\"https:\\\/\\\/www.intergate.net.br\\\/blog\\\/author\\\/rfr27j\\\/\"}]}<\/script>\n<!-- \/ Yoast SEO plugin. -->","yoast_head_json":{"title":"SAP anuncia que ampliar\u00e1 programas de desenvolvimento profissional","description":"SAP anuncia que ampliar\u00e1 programas de desenvolvimento profissional aos estudantes latinos-americanos para o setor Tecnol\u00f3gico.","robots":{"index":"index","follow":"follow","max-snippet":"max-snippet:-1","max-image-preview":"max-image-preview:large","max-video-preview":"max-video-preview:-1"},"canonical":"https:\/\/www.intergate.net.br\/blog\/sap-anuncia-que-ampliara-programas-de-desenvolvimento-profissional\/","og_locale":"pt_PT","og_type":"article","og_title":"SAP anuncia que ampliar\u00e1 programas de desenvolvimento profissional","og_description":"SAP anuncia que ampliar\u00e1 programas de desenvolvimento profissional aos estudantes latinos-americanos para o setor Tecnol\u00f3gico.","og_url":"https:\/\/www.intergate.net.br\/blog\/sap-anuncia-que-ampliara-programas-de-desenvolvimento-profissional\/","og_site_name":"Blog InterGATE","article_published_time":"2017-06-05T15:04:29+00:00","article_modified_time":"2024-02-26T19:12:05+00:00","og_image":[{"width":600,"height":400,"url":"https:\/\/www.intergate.net.br\/blog\/wp-content\/uploads\/2017\/06\/DSC_02771-e1510331020962.jpg","type":"image\/jpeg"}],"author":"Rafael Ogeda","twitter_misc":{"Escrito por":"Rafael Ogeda","Tempo estimado de leitura":"3 minutos"},"schema":{"@context":"https:\/\/schema.org","@graph":[{"@type":"Article","@id":"https:\/\/www.intergate.net.br\/blog\/sap-anuncia-que-ampliara-programas-de-desenvolvimento-profissional\/#article","isPartOf":{"@id":"https:\/\/www.intergate.net.br\/blog\/sap-anuncia-que-ampliara-programas-de-desenvolvimento-profissional\/"},"author":{"name":"Rafael Ogeda","@id":"https:\/\/www.intergate.net.br\/blog\/#\/schema\/person\/8efea68df8f7120ea0cf5bd5d855f919"},"headline":"SAP investe no desenvolvimento profissional para o futuro da Am\u00e9rica Latina","datePublished":"2017-06-05T15:04:29+00:00","dateModified":"2024-02-26T19:12:05+00:00","mainEntityOfPage":{"@id":"https:\/\/www.intergate.net.br\/blog\/sap-anuncia-que-ampliara-programas-de-desenvolvimento-profissional\/"},"wordCount":640,"commentCount":0,"publisher":{"@id":"https:\/\/www.intergate.net.br\/blog\/#organization"},"image":{"@id":"https:\/\/www.intergate.net.br\/blog\/sap-anuncia-que-ampliara-programas-de-desenvolvimento-profissional\/#primaryimage"},"thumbnailUrl":"https:\/\/www.intergate.net.br\/blog\/wp-content\/uploads\/2017\/06\/DSC_02771-e1510331020962.jpg","keywords":["Am\u00e9rica Latina","capacita\u00e7\u00e3o","desenvolvimento profissional","educa\u00e7\u00e3o","ind\u00fastria","iot","Parceiros SAP","SAP Brasil","SAP Leonardo","SAP Next-Gen","tecnologia"],"articleSection":["Diversos"],"inLanguage":"pt-PT","potentialAction":[{"@type":"CommentAction","name":"Comment","target":["https:\/\/www.intergate.net.br\/blog\/sap-anuncia-que-ampliara-programas-de-desenvolvimento-profissional\/#respond"]}]},{"@type":"WebPage","@id":"https:\/\/www.intergate.net.br\/blog\/sap-anuncia-que-ampliara-programas-de-desenvolvimento-profissional\/","url":"https:\/\/www.intergate.net.br\/blog\/sap-anuncia-que-ampliara-programas-de-desenvolvimento-profissional\/","name":"SAP anuncia que ampliar\u00e1 programas de desenvolvimento profissional","isPartOf":{"@id":"https:\/\/www.intergate.net.br\/blog\/#website"},"primaryImageOfPage":{"@id":"https:\/\/www.intergate.net.br\/blog\/sap-anuncia-que-ampliara-programas-de-desenvolvimento-profissional\/#primaryimage"},"image":{"@id":"https:\/\/www.intergate.net.br\/blog\/sap-anuncia-que-ampliara-programas-de-desenvolvimento-profissional\/#primaryimage"},"thumbnailUrl":"https:\/\/www.intergate.net.br\/blog\/wp-content\/uploads\/2017\/06\/DSC_02771-e1510331020962.jpg","datePublished":"2017-06-05T15:04:29+00:00","dateModified":"2024-02-26T19:12:05+00:00","description":"SAP anuncia que ampliar\u00e1 programas de desenvolvimento profissional aos estudantes latinos-americanos para o setor Tecnol\u00f3gico.","breadcrumb":{"@id":"https:\/\/www.intergate.net.br\/blog\/sap-anuncia-que-ampliara-programas-de-desenvolvimento-profissional\/#breadcrumb"},"inLanguage":"pt-PT","potentialAction":[{"@type":"ReadAction","target":["https:\/\/www.intergate.net.br\/blog\/sap-anuncia-que-ampliara-programas-de-desenvolvimento-profissional\/"]}]},{"@type":"ImageObject","inLanguage":"pt-PT","@id":"https:\/\/www.intergate.net.br\/blog\/sap-anuncia-que-ampliara-programas-de-desenvolvimento-profissional\/#primaryimage","url":"https:\/\/www.intergate.net.br\/blog\/wp-content\/uploads\/2017\/06\/DSC_02771-e1510331020962.jpg","contentUrl":"https:\/\/www.intergate.net.br\/blog\/wp-content\/uploads\/2017\/06\/DSC_02771-e1510331020962.jpg","width":600,"height":400,"caption":""},{"@type":"BreadcrumbList","@id":"https:\/\/www.intergate.net.br\/blog\/sap-anuncia-que-ampliara-programas-de-desenvolvimento-profissional\/#breadcrumb","itemListElement":[{"@type":"ListItem","position":1,"name":"In\u00edcio","item":"https:\/\/www.intergate.net.br\/blog\/"},{"@type":"ListItem","position":2,"name":"SAP investe no desenvolvimento profissional para o futuro da Am\u00e9rica Latina"}]},{"@type":"WebSite","@id":"https:\/\/www.intergate.net.br\/blog\/#website","url":"https:\/\/www.intergate.net.br\/blog\/","name":"Blog InterGATE","description":"Integra\u00e7\u00e3o de Sistemas com os ERPs SAP Business One ou Totvs Protheus","publisher":{"@id":"https:\/\/www.intergate.net.br\/blog\/#organization"},"potentialAction":[{"@type":"SearchAction","target":{"@type":"EntryPoint","urlTemplate":"https:\/\/www.intergate.net.br\/blog\/?s={search_term_string}"},"query-input":{"@type":"PropertyValueSpecification","valueRequired":true,"valueName":"search_term_string"}}],"inLanguage":"pt-PT"},{"@type":"Organization","@id":"https:\/\/www.intergate.net.br\/blog\/#organization","name":"InterGATE Consultoria Digital","url":"https:\/\/www.intergate.net.br\/blog\/","logo":{"@type":"ImageObject","inLanguage":"pt-PT","@id":"https:\/\/www.intergate.net.br\/blog\/#\/schema\/logo\/image\/","url":"https:\/\/www.intergate.net.br\/blog\/wp-content\/uploads\/2025\/06\/intergateLogo_original.jpg","contentUrl":"https:\/\/www.intergate.net.br\/blog\/wp-content\/uploads\/2025\/06\/intergateLogo_original.jpg","width":512,"height":512,"caption":"InterGATE Consultoria Digital"},"image":{"@id":"https:\/\/www.intergate.net.br\/blog\/#\/schema\/logo\/image\/"},"sameAs":["https:\/\/www.linkedin.com\/company\/35540154","https:\/\/www.youtube.com\/@intergateconsultoriadigita8503"]},{"@type":"Person","@id":"https:\/\/www.intergate.net.br\/blog\/#\/schema\/person\/8efea68df8f7120ea0cf5bd5d855f919","name":"Rafael Ogeda","url":"https:\/\/www.intergate.net.br\/blog\/author\/rfr27j\/"}]}},"_links":{"self":[{"href":"https:\/\/www.intergate.net.br\/blog\/wp-json\/wp\/v2\/posts\/745","targetHints":{"allow":["GET"]}}],"collection":[{"href":"https:\/\/www.intergate.net.br\/blog\/wp-json\/wp\/v2\/posts"}],"about":[{"href":"https:\/\/www.intergate.net.br\/blog\/wp-json\/wp\/v2\/types\/post"}],"author":[{"embeddable":true,"href":"https:\/\/www.intergate.net.br\/blog\/wp-json\/wp\/v2\/users\/2"}],"replies":[{"embeddable":true,"href":"https:\/\/www.intergate.net.br\/blog\/wp-json\/wp\/v2\/comments?post=745"}],"version-history":[{"count":0,"href":"https:\/\/www.intergate.net.br\/blog\/wp-json\/wp\/v2\/posts\/745\/revisions"}],"wp:featuredmedia":[{"embeddable":true,"href":"https:\/\/www.intergate.net.br\/blog\/wp-json\/wp\/v2\/media\/2000"}],"wp:attachment":[{"href":"https:\/\/www.intergate.net.br\/blog\/wp-json\/wp\/v2\/media?parent=745"}],"wp:term":[{"taxonomy":"category","embeddable":true,"href":"https:\/\/www.intergate.net.br\/blog\/wp-json\/wp\/v2\/categories?post=745"},{"taxonomy":"post_tag","embeddable":true,"href":"https:\/\/www.intergate.net.br\/blog\/wp-json\/wp\/v2\/tags?post=745"}],"curies":[{"name":"wp","href":"https:\/\/api.w.org\/{rel}","templated":true}]}}