{"id":6834,"date":"2020-10-07T08:00:28","date_gmt":"2020-10-07T08:00:28","guid":{"rendered":"http:\/\/www.intergate.net.br\/blog\/?p=6834"},"modified":"2020-11-25T14:44:50","modified_gmt":"2020-11-25T14:44:50","slug":"adequacao-de-empresas-a-protecao-de-dados-pessoaisadequacao-de-empresas-a-protecao-de-dados-pessoais","status":"publish","type":"post","link":"https:\/\/www.intergate.net.br\/blog\/adequacao-de-empresas-a-protecao-de-dados-pessoaisadequacao-de-empresas-a-protecao-de-dados-pessoais\/","title":{"rendered":"Adequa\u00e7\u00e3o de empresas  \u00e0 prote\u00e7\u00e3o de dados pessoais"},"content":{"rendered":"\n<p>A entrada em vigor da Lei Geral de Prote\u00e7\u00e3o de Dados (LGPD) no \u00faltimo m\u00eas (18\/9) consolidou a necessidade de adequa\u00e7\u00e3o de empresas  \u00e0 <a href=\"http:\/\/www.intergate.net.br\/blog\/dicas-para-garantir-a-seguranca-digital-de-pmes\/\" target=\"_blank\" rel=\"noreferrer noopener\">prote\u00e7\u00e3o de dados<\/a> pessoais. <\/p>\n\n\n\n<!--more-->\n\n\n\n<p><strong>Tratamento de dados \u00e9 um tema absolutamente vital<\/strong> nos dias que correm e o Brasil, enfim, est\u00e1 a ponto de entrar para o primeiro mundo nesse terreno. <\/p>\n\n\n\n<p>Al\u00e9m de ser um precioso mecanismo de preserva\u00e7\u00e3o da privacidade dos&nbsp;cidad\u00e3os, a&nbsp;Lei Geral de Prote\u00e7\u00e3o de Dados Pessoais&nbsp;(LGPD) chega com a miss\u00e3o de colocar o pa\u00eds na mesma p\u00e1gina de pot\u00eancias como a Europa, que conta com uma legisla\u00e7\u00e3o espec\u00edfica para essa \u00e1rea h\u00e1 dois anos. <\/p>\n\n\n\n<p>A nova lei, na verdade, n\u00e3o \u00e9 exatamente inovadora, uma vez que j\u00e1 h\u00e1 men\u00e7\u00f5es ao tratamento de dados espalhadas por v\u00e1rios textos legais, como o C\u00f3digo de Defesa do Consumidor e o Marco Civil da Internet. <\/p>\n\n\n\n<p><strong>A maior novidade da LGPD \u00e9 a unifica\u00e7\u00e3o das regras sobre o assunto<\/strong>, o que vai simplificar bastante a vida dos cidad\u00e3os e facilitar a fiscaliza\u00e7\u00e3o contra os abusos cometidos frequentemente por empresas de diversos setores.<\/p>\n\n\n\n<p>De acordo com o advogado e economista&nbsp;Renato Opice Blum, mestre pela Florida Christian University (EUA) e&nbsp;<em>chairman<\/em>&nbsp;no escrit\u00f3rio&nbsp;Opice Blum,<strong> <\/strong>Bruno, Abrusio e Vainzof Advogados, um exemplo interessante de <strong>mudan\u00e7a que a LGPD vai trazer para os brasileiros ocorrer\u00e1 naqueles famosos &#8220;termos de uso&#8221;<\/strong>&nbsp;que somos todos obrigados a aceitar em praticamente todas as opera\u00e7\u00f5es&nbsp;<em>online<\/em>.<\/p>\n\n\n\n<figure class=\"wp-block-image size-large\"><img decoding=\"async\" width=\"590\" height=\"317\" src=\"http:\/\/www.intergate.net.br\/blog\/wp-content\/uploads\/2020\/10\/seguranca-de-dados.jpg\" alt=\"A entrada em vigor da Lei Geral de Prote\u00e7\u00e3o de Dados (LGPD) no \u00faltimo m\u00eas (18\/9) consolidou a necessidade de adequa\u00e7\u00e3o de empresas  \u00e0 prote\u00e7\u00e3o de dados pessoais. \" class=\"wp-image-6839\" srcset=\"https:\/\/www.intergate.net.br\/blog\/wp-content\/uploads\/2020\/10\/seguranca-de-dados.jpg 590w, https:\/\/www.intergate.net.br\/blog\/wp-content\/uploads\/2020\/10\/seguranca-de-dados-300x161.jpg 300w\" sizes=\"(max-width: 590px) 100vw, 590px\" \/><\/figure>\n\n\n\n<h2 class=\"wp-block-heading\"><strong>Falta de autoridade<\/strong><\/h2>\n\n\n\n<p>Apesar de ser muito bem-vinda, a LGPD <strong>tem l\u00e1 os seus problemas<\/strong> (al\u00e9m da confus\u00e3o quanto \u00e0 data da entrada em vigor, evidentemente). <\/p>\n\n\n\n<p><strong>Um dos mais importantes \u00e9 o fato de a Autoridade Nacional de Prote\u00e7\u00e3o de Dados (ANPD)<\/strong>, \u00f3rg\u00e3o ligado \u00e0 Presid\u00eancia da Rep\u00fablica que vai fiscalizar o cumprimento da lei, ainda n\u00e3o ter sido formada.<\/p>\n\n\n\n<p>O texto da LGPD prev\u00ea que as san\u00e7\u00f5es para as institui\u00e7\u00f5es que a desrespeitarem <strong>s\u00f3 come\u00e7ar\u00e3o a ser aplicadas no dia 1\u00ba de agosto do ano que vem<\/strong>, mas assim mesmo os estudiosos do tema acreditam que a <strong>ANPD j\u00e1 deveria estar pronta para funcionar<\/strong>.<\/p>\n\n\n\n<p>A ag\u00eancia reguladora, a bem da verdade, n\u00e3o \u00e9 a \u00fanica a n\u00e3o estar preparada para a LGPD, apesar dos dois anos de prazo para isso. <\/p>\n\n\n\n<figure class=\"wp-block-image size-large\"><a href=\"http:\/\/www.intergate.net.br\/conector\" target=\"_blank\" rel=\"noopener noreferrer\"><img decoding=\"async\" width=\"590\" height=\"146\" src=\"http:\/\/www.intergate.net.br\/blog\/wp-content\/uploads\/2020\/10\/chamada_conectorDesempenho-1.png\" alt=\"\" class=\"wp-image-6842\" srcset=\"https:\/\/www.intergate.net.br\/blog\/wp-content\/uploads\/2020\/10\/chamada_conectorDesempenho-1.png 590w, https:\/\/www.intergate.net.br\/blog\/wp-content\/uploads\/2020\/10\/chamada_conectorDesempenho-1-300x74.png 300w\" sizes=\"(max-width: 590px) 100vw, 590px\" \/><\/a><\/figure>\n\n\n\n<p> E muitos <a href=\"http:\/\/www.intergate.net.br\/blog\/onde-estao-os-dados-de-seus-clientes\/\" target=\"_blank\" rel=\"noreferrer noopener\"><strong>empres\u00e1rios demoraram a acordar&nbsp;para a necessidade de se adaptar ao que pede a nova lei<\/strong> <\/a>e agora, \u00e0s v\u00e9speras de sua entrada em vigor, est\u00e1 em curso uma desenfreada corrida contra o tempo.<\/p>\n\n\n\n<p>Muito se fala sobre essa adequa\u00e7\u00e3o. Contudo, existe outra adequa\u00e7\u00e3o da qual n\u00e3o se pode esquecer: <strong>a adequa\u00e7\u00e3o do Brasil \u00e0 prote\u00e7\u00e3o de dados para transfer\u00eancias internacionais.<\/strong><\/p>\n\n\n\n<figure class=\"wp-block-image size-large\"><img decoding=\"async\" width=\"590\" height=\"331\" src=\"http:\/\/www.intergate.net.br\/blog\/wp-content\/uploads\/2020\/10\/LGPD-1.jpg\" alt=\"A entrada em vigor da Lei Geral de Prote\u00e7\u00e3o de Dados (LGPD) no \u00faltimo m\u00eas (18\/9) consolidou a necessidade de adequa\u00e7\u00e3o de empresas  \u00e0 prote\u00e7\u00e3o de dados pessoais. \" class=\"wp-image-6840\" srcset=\"https:\/\/www.intergate.net.br\/blog\/wp-content\/uploads\/2020\/10\/LGPD-1.jpg 590w, https:\/\/www.intergate.net.br\/blog\/wp-content\/uploads\/2020\/10\/LGPD-1-300x168.jpg 300w\" sizes=\"(max-width: 590px) 100vw, 590px\" \/><\/figure>\n\n\n\n<h2 class=\"wp-block-heading\">LGPD no Brasil e adequa\u00e7\u00e3o Internacional<\/h2>\n\n\n\n<p>Desde a vig\u00eancia do Regulamento Geral sobre Prote\u00e7\u00e3o de Dados europeu (GDPR), em 2018, a <strong>adequa\u00e7\u00e3o \u00e0 prote\u00e7\u00e3o de dados pessoais pode ser percebida como verdadeira exig\u00eancia de mercado<\/strong>. <\/p>\n\n\n\n<p>Para muitas empresas, a governan\u00e7a de prote\u00e7\u00e3o de dados j\u00e1 era um tema de mercado que lhes permita <strong>vantagem competitiva e condi\u00e7\u00e3o de sobreviv\u00eancia<\/strong>.<\/p>\n\n\n\n<p>Isso porque <strong>empresas sujeitas \u00e0 regulamenta\u00e7\u00e3o europeia passaram a demandar de seus parceiros e fornecedores no Brasil garantias sobre seu n\u00edvel de adequa\u00e7\u00e3o<\/strong>.<\/p>\n\n\n\n<p><strong>A exig\u00eancia \u00e9 feita pontualmente, em cada transfer\u00eancia internacional de dados pessoais<\/strong>, precisamente porque o Brasil ainda n\u00e3o \u00e9 considerado pela Uni\u00e3o Europeia um pa\u00eds com n\u00edvel adequado de prote\u00e7\u00e3o de dados. Esse ponto \u00e9 central para a seguran\u00e7a jur\u00eddica dos neg\u00f3cios e investimentos no Brasil.<\/p>\n\n\n\n<p>As decis\u00f5es sobre a adequa\u00e7\u00e3o de pa\u00edses s\u00e3o tomadas pela Comiss\u00e3o Europeia. Nos termos do artigo 45\u00ba, 2., GDPR, elas levam em considera\u00e7\u00e3o:&nbsp;<\/p>\n\n\n\n<p><em><strong>&#8220;O primado do Estado de direito, o respeito pelos direitos humanos e liberdades fundamentais, a legisla\u00e7\u00e3o pertinente em vigor, tanto a geral como a setorial, nomeadamente em mat\u00e9ria de seguran\u00e7a p\u00fablica, defesa, seguran\u00e7a nacional e direito penal, e respeitante ao acesso das autoridades p\u00fablicas a dados pessoais&#8221;<\/strong><\/em><\/p>\n\n\n\n<figure class=\"wp-block-image size-large\"><a href=\"http:\/\/intergate.net.br\/conector\" target=\"_blank\" rel=\"noopener noreferrer\"><img decoding=\"async\" width=\"590\" height=\"147\" src=\"http:\/\/www.intergate.net.br\/blog\/wp-content\/uploads\/2020\/10\/seguranca_de_dados-1.png\" alt=\"\" class=\"wp-image-6841\" srcset=\"https:\/\/www.intergate.net.br\/blog\/wp-content\/uploads\/2020\/10\/seguranca_de_dados-1.png 590w, https:\/\/www.intergate.net.br\/blog\/wp-content\/uploads\/2020\/10\/seguranca_de_dados-1-300x75.png 300w\" sizes=\"(max-width: 590px) 100vw, 590px\" \/><\/a><\/figure>\n\n\n\n<p><strong>FONTE<\/strong>: <a href=\"https:\/\/www.conjur.com.br\/2020-ago-08\/lgpd-coloca-brasil-vanguarda-tratamento-dados\" target=\"_blank\" rel=\"noreferrer noopener\">Blog Conjur<\/a> \/ <a href=\"https:\/\/www.conjur.com.br\/2020-set-23\/direito-digitala-vigencia-lgpd-desafio-adequacao-brasil-brasil\" target=\"_blank\" rel=\"noreferrer noopener\">Boletim de Not\u00edcias Conjur<\/a><\/p>\n\n\n\n<p> <\/p>\n","protected":false},"excerpt":{"rendered":"<p>A entrada em vigor da Lei Geral de Prote\u00e7\u00e3o de Dados (LGPD) no \u00faltimo m\u00eas (18\/9) consolidou a necessidade de adequa\u00e7\u00e3o de empresas  \u00e0 prote\u00e7\u00e3o de dados pessoais. <\/p>\n","protected":false},"author":5,"featured_media":6835,"comment_status":"open","ping_status":"open","sticky":false,"template":"","format":"standard","meta":{"content-type":"","_themeisle_gutenberg_block_has_review":false,"footnotes":""},"categories":[5],"tags":[278,288,627,486,498,548],"class_list":["post-6834","post","type-post","status-publish","format-standard","has-post-thumbnail","hentry","category-gestao-empresarial","tag-integracaodesistemas","tag-intergate","tag-lgpd","tag-sapbusinessone","tag-segurancadedados","tag-totvsprotheus"],"yoast_head":"<!-- This site is optimized with the Yoast SEO plugin v27.4 - https:\/\/yoast.com\/product\/yoast-seo-wordpress\/ -->\n<title>Adequa\u00e7\u00e3o de empresas \u00e0 prote\u00e7\u00e3o de dados pessoais - Blog InterGATE<\/title>\n<meta name=\"description\" content=\"A entrada em vigor da LGPD no \u00faltimo m\u00eas (18\/9) consolidou a necessidade de adequa\u00e7\u00e3o de empresas \u00e0 prote\u00e7\u00e3o de dados pessoais.\" \/>\n<meta name=\"robots\" content=\"index, follow, max-snippet:-1, max-image-preview:large, max-video-preview:-1\" \/>\n<link rel=\"canonical\" href=\"https:\/\/www.intergate.net.br\/blog\/adequacao-de-empresas-a-protecao-de-dados-pessoaisadequacao-de-empresas-a-protecao-de-dados-pessoais\/\" \/>\n<meta property=\"og:locale\" content=\"pt_PT\" \/>\n<meta property=\"og:type\" content=\"article\" \/>\n<meta property=\"og:title\" content=\"Adequa\u00e7\u00e3o de empresas \u00e0 prote\u00e7\u00e3o de dados pessoais - Blog InterGATE\" \/>\n<meta property=\"og:description\" content=\"A entrada em vigor da LGPD no \u00faltimo m\u00eas (18\/9) consolidou a necessidade de adequa\u00e7\u00e3o de empresas \u00e0 prote\u00e7\u00e3o de dados pessoais.\" \/>\n<meta property=\"og:url\" content=\"https:\/\/www.intergate.net.br\/blog\/adequacao-de-empresas-a-protecao-de-dados-pessoaisadequacao-de-empresas-a-protecao-de-dados-pessoais\/\" \/>\n<meta property=\"og:site_name\" content=\"Blog InterGATE\" \/>\n<meta property=\"article:published_time\" content=\"2020-10-07T08:00:28+00:00\" \/>\n<meta property=\"article:modified_time\" content=\"2020-11-25T14:44:50+00:00\" \/>\n<meta property=\"og:image\" content=\"https:\/\/www.intergate.net.br\/blog\/wp-content\/uploads\/2020\/10\/lgpd.jpg\" \/>\n\t<meta property=\"og:image:width\" content=\"660\" \/>\n\t<meta property=\"og:image:height\" content=\"371\" \/>\n\t<meta property=\"og:image:type\" content=\"image\/jpeg\" \/>\n<meta name=\"author\" content=\"Monica Nietsche\" \/>\n<meta name=\"twitter:label1\" content=\"Escrito por\" \/>\n\t<meta name=\"twitter:data1\" content=\"Monica Nietsche\" \/>\n\t<meta name=\"twitter:label2\" content=\"Tempo estimado de leitura\" \/>\n\t<meta name=\"twitter:data2\" content=\"4 minutos\" \/>\n<script type=\"application\/ld+json\" class=\"yoast-schema-graph\">{\"@context\":\"https:\\\/\\\/schema.org\",\"@graph\":[{\"@type\":\"Article\",\"@id\":\"https:\\\/\\\/www.intergate.net.br\\\/blog\\\/adequacao-de-empresas-a-protecao-de-dados-pessoaisadequacao-de-empresas-a-protecao-de-dados-pessoais\\\/#article\",\"isPartOf\":{\"@id\":\"https:\\\/\\\/www.intergate.net.br\\\/blog\\\/adequacao-de-empresas-a-protecao-de-dados-pessoaisadequacao-de-empresas-a-protecao-de-dados-pessoais\\\/\"},\"author\":{\"name\":\"Monica Nietsche\",\"@id\":\"https:\\\/\\\/www.intergate.net.br\\\/blog\\\/#\\\/schema\\\/person\\\/6b1a11e7323bddf910bfd7b20b262288\"},\"headline\":\"Adequa\u00e7\u00e3o de empresas \u00e0 prote\u00e7\u00e3o de dados pessoais\",\"datePublished\":\"2020-10-07T08:00:28+00:00\",\"dateModified\":\"2020-11-25T14:44:50+00:00\",\"mainEntityOfPage\":{\"@id\":\"https:\\\/\\\/www.intergate.net.br\\\/blog\\\/adequacao-de-empresas-a-protecao-de-dados-pessoaisadequacao-de-empresas-a-protecao-de-dados-pessoais\\\/\"},\"wordCount\":717,\"commentCount\":0,\"publisher\":{\"@id\":\"https:\\\/\\\/www.intergate.net.br\\\/blog\\\/#organization\"},\"image\":{\"@id\":\"https:\\\/\\\/www.intergate.net.br\\\/blog\\\/adequacao-de-empresas-a-protecao-de-dados-pessoaisadequacao-de-empresas-a-protecao-de-dados-pessoais\\\/#primaryimage\"},\"thumbnailUrl\":\"https:\\\/\\\/www.intergate.net.br\\\/blog\\\/wp-content\\\/uploads\\\/2020\\\/10\\\/lgpd.jpg\",\"keywords\":[\"integra\u00e7\u00e3odesistemas\",\"interGATE\",\"LGPD\",\"SAPBusinessOne\",\"seguran\u00e7adedados\",\"TOTVSProtheus\"],\"articleSection\":[\"Gest\u00e3o Empresarial\"],\"inLanguage\":\"pt-PT\",\"potentialAction\":[{\"@type\":\"CommentAction\",\"name\":\"Comment\",\"target\":[\"https:\\\/\\\/www.intergate.net.br\\\/blog\\\/adequacao-de-empresas-a-protecao-de-dados-pessoaisadequacao-de-empresas-a-protecao-de-dados-pessoais\\\/#respond\"]}]},{\"@type\":\"WebPage\",\"@id\":\"https:\\\/\\\/www.intergate.net.br\\\/blog\\\/adequacao-de-empresas-a-protecao-de-dados-pessoaisadequacao-de-empresas-a-protecao-de-dados-pessoais\\\/\",\"url\":\"https:\\\/\\\/www.intergate.net.br\\\/blog\\\/adequacao-de-empresas-a-protecao-de-dados-pessoaisadequacao-de-empresas-a-protecao-de-dados-pessoais\\\/\",\"name\":\"Adequa\u00e7\u00e3o de empresas \u00e0 prote\u00e7\u00e3o de dados pessoais - Blog InterGATE\",\"isPartOf\":{\"@id\":\"https:\\\/\\\/www.intergate.net.br\\\/blog\\\/#website\"},\"primaryImageOfPage\":{\"@id\":\"https:\\\/\\\/www.intergate.net.br\\\/blog\\\/adequacao-de-empresas-a-protecao-de-dados-pessoaisadequacao-de-empresas-a-protecao-de-dados-pessoais\\\/#primaryimage\"},\"image\":{\"@id\":\"https:\\\/\\\/www.intergate.net.br\\\/blog\\\/adequacao-de-empresas-a-protecao-de-dados-pessoaisadequacao-de-empresas-a-protecao-de-dados-pessoais\\\/#primaryimage\"},\"thumbnailUrl\":\"https:\\\/\\\/www.intergate.net.br\\\/blog\\\/wp-content\\\/uploads\\\/2020\\\/10\\\/lgpd.jpg\",\"datePublished\":\"2020-10-07T08:00:28+00:00\",\"dateModified\":\"2020-11-25T14:44:50+00:00\",\"description\":\"A entrada em vigor da LGPD no \u00faltimo m\u00eas (18\\\/9) consolidou a necessidade de adequa\u00e7\u00e3o de empresas \u00e0 prote\u00e7\u00e3o de dados pessoais.\",\"breadcrumb\":{\"@id\":\"https:\\\/\\\/www.intergate.net.br\\\/blog\\\/adequacao-de-empresas-a-protecao-de-dados-pessoaisadequacao-de-empresas-a-protecao-de-dados-pessoais\\\/#breadcrumb\"},\"inLanguage\":\"pt-PT\",\"potentialAction\":[{\"@type\":\"ReadAction\",\"target\":[\"https:\\\/\\\/www.intergate.net.br\\\/blog\\\/adequacao-de-empresas-a-protecao-de-dados-pessoaisadequacao-de-empresas-a-protecao-de-dados-pessoais\\\/\"]}]},{\"@type\":\"ImageObject\",\"inLanguage\":\"pt-PT\",\"@id\":\"https:\\\/\\\/www.intergate.net.br\\\/blog\\\/adequacao-de-empresas-a-protecao-de-dados-pessoaisadequacao-de-empresas-a-protecao-de-dados-pessoais\\\/#primaryimage\",\"url\":\"https:\\\/\\\/www.intergate.net.br\\\/blog\\\/wp-content\\\/uploads\\\/2020\\\/10\\\/lgpd.jpg\",\"contentUrl\":\"https:\\\/\\\/www.intergate.net.br\\\/blog\\\/wp-content\\\/uploads\\\/2020\\\/10\\\/lgpd.jpg\",\"width\":660,\"height\":371},{\"@type\":\"BreadcrumbList\",\"@id\":\"https:\\\/\\\/www.intergate.net.br\\\/blog\\\/adequacao-de-empresas-a-protecao-de-dados-pessoaisadequacao-de-empresas-a-protecao-de-dados-pessoais\\\/#breadcrumb\",\"itemListElement\":[{\"@type\":\"ListItem\",\"position\":1,\"name\":\"In\u00edcio\",\"item\":\"https:\\\/\\\/www.intergate.net.br\\\/blog\\\/\"},{\"@type\":\"ListItem\",\"position\":2,\"name\":\"Adequa\u00e7\u00e3o de empresas \u00e0 prote\u00e7\u00e3o de dados pessoais\"}]},{\"@type\":\"WebSite\",\"@id\":\"https:\\\/\\\/www.intergate.net.br\\\/blog\\\/#website\",\"url\":\"https:\\\/\\\/www.intergate.net.br\\\/blog\\\/\",\"name\":\"Blog InterGATE\",\"description\":\"Integra\u00e7\u00e3o de Sistemas com os ERPs SAP Business One ou Totvs Protheus\",\"publisher\":{\"@id\":\"https:\\\/\\\/www.intergate.net.br\\\/blog\\\/#organization\"},\"potentialAction\":[{\"@type\":\"SearchAction\",\"target\":{\"@type\":\"EntryPoint\",\"urlTemplate\":\"https:\\\/\\\/www.intergate.net.br\\\/blog\\\/?s={search_term_string}\"},\"query-input\":{\"@type\":\"PropertyValueSpecification\",\"valueRequired\":true,\"valueName\":\"search_term_string\"}}],\"inLanguage\":\"pt-PT\"},{\"@type\":\"Organization\",\"@id\":\"https:\\\/\\\/www.intergate.net.br\\\/blog\\\/#organization\",\"name\":\"InterGATE Consultoria Digital\",\"url\":\"https:\\\/\\\/www.intergate.net.br\\\/blog\\\/\",\"logo\":{\"@type\":\"ImageObject\",\"inLanguage\":\"pt-PT\",\"@id\":\"https:\\\/\\\/www.intergate.net.br\\\/blog\\\/#\\\/schema\\\/logo\\\/image\\\/\",\"url\":\"https:\\\/\\\/www.intergate.net.br\\\/blog\\\/wp-content\\\/uploads\\\/2025\\\/06\\\/intergateLogo_original.jpg\",\"contentUrl\":\"https:\\\/\\\/www.intergate.net.br\\\/blog\\\/wp-content\\\/uploads\\\/2025\\\/06\\\/intergateLogo_original.jpg\",\"width\":512,\"height\":512,\"caption\":\"InterGATE Consultoria Digital\"},\"image\":{\"@id\":\"https:\\\/\\\/www.intergate.net.br\\\/blog\\\/#\\\/schema\\\/logo\\\/image\\\/\"},\"sameAs\":[\"https:\\\/\\\/www.linkedin.com\\\/company\\\/35540154\",\"https:\\\/\\\/www.youtube.com\\\/@intergateconsultoriadigita8503\"]},{\"@type\":\"Person\",\"@id\":\"https:\\\/\\\/www.intergate.net.br\\\/blog\\\/#\\\/schema\\\/person\\\/6b1a11e7323bddf910bfd7b20b262288\",\"name\":\"Monica Nietsche\",\"url\":\"https:\\\/\\\/www.intergate.net.br\\\/blog\\\/author\\\/monica\\\/\"}]}<\/script>\n<!-- \/ Yoast SEO plugin. -->","yoast_head_json":{"title":"Adequa\u00e7\u00e3o de empresas \u00e0 prote\u00e7\u00e3o de dados pessoais - Blog InterGATE","description":"A entrada em vigor da LGPD no \u00faltimo m\u00eas (18\/9) consolidou a necessidade de adequa\u00e7\u00e3o de empresas \u00e0 prote\u00e7\u00e3o de dados pessoais.","robots":{"index":"index","follow":"follow","max-snippet":"max-snippet:-1","max-image-preview":"max-image-preview:large","max-video-preview":"max-video-preview:-1"},"canonical":"https:\/\/www.intergate.net.br\/blog\/adequacao-de-empresas-a-protecao-de-dados-pessoaisadequacao-de-empresas-a-protecao-de-dados-pessoais\/","og_locale":"pt_PT","og_type":"article","og_title":"Adequa\u00e7\u00e3o de empresas \u00e0 prote\u00e7\u00e3o de dados pessoais - Blog InterGATE","og_description":"A entrada em vigor da LGPD no \u00faltimo m\u00eas (18\/9) consolidou a necessidade de adequa\u00e7\u00e3o de empresas \u00e0 prote\u00e7\u00e3o de dados pessoais.","og_url":"https:\/\/www.intergate.net.br\/blog\/adequacao-de-empresas-a-protecao-de-dados-pessoaisadequacao-de-empresas-a-protecao-de-dados-pessoais\/","og_site_name":"Blog InterGATE","article_published_time":"2020-10-07T08:00:28+00:00","article_modified_time":"2020-11-25T14:44:50+00:00","og_image":[{"width":660,"height":371,"url":"https:\/\/www.intergate.net.br\/blog\/wp-content\/uploads\/2020\/10\/lgpd.jpg","type":"image\/jpeg"}],"author":"Monica Nietsche","twitter_misc":{"Escrito por":"Monica Nietsche","Tempo estimado de leitura":"4 minutos"},"schema":{"@context":"https:\/\/schema.org","@graph":[{"@type":"Article","@id":"https:\/\/www.intergate.net.br\/blog\/adequacao-de-empresas-a-protecao-de-dados-pessoaisadequacao-de-empresas-a-protecao-de-dados-pessoais\/#article","isPartOf":{"@id":"https:\/\/www.intergate.net.br\/blog\/adequacao-de-empresas-a-protecao-de-dados-pessoaisadequacao-de-empresas-a-protecao-de-dados-pessoais\/"},"author":{"name":"Monica Nietsche","@id":"https:\/\/www.intergate.net.br\/blog\/#\/schema\/person\/6b1a11e7323bddf910bfd7b20b262288"},"headline":"Adequa\u00e7\u00e3o de empresas \u00e0 prote\u00e7\u00e3o de dados pessoais","datePublished":"2020-10-07T08:00:28+00:00","dateModified":"2020-11-25T14:44:50+00:00","mainEntityOfPage":{"@id":"https:\/\/www.intergate.net.br\/blog\/adequacao-de-empresas-a-protecao-de-dados-pessoaisadequacao-de-empresas-a-protecao-de-dados-pessoais\/"},"wordCount":717,"commentCount":0,"publisher":{"@id":"https:\/\/www.intergate.net.br\/blog\/#organization"},"image":{"@id":"https:\/\/www.intergate.net.br\/blog\/adequacao-de-empresas-a-protecao-de-dados-pessoaisadequacao-de-empresas-a-protecao-de-dados-pessoais\/#primaryimage"},"thumbnailUrl":"https:\/\/www.intergate.net.br\/blog\/wp-content\/uploads\/2020\/10\/lgpd.jpg","keywords":["integra\u00e7\u00e3odesistemas","interGATE","LGPD","SAPBusinessOne","seguran\u00e7adedados","TOTVSProtheus"],"articleSection":["Gest\u00e3o Empresarial"],"inLanguage":"pt-PT","potentialAction":[{"@type":"CommentAction","name":"Comment","target":["https:\/\/www.intergate.net.br\/blog\/adequacao-de-empresas-a-protecao-de-dados-pessoaisadequacao-de-empresas-a-protecao-de-dados-pessoais\/#respond"]}]},{"@type":"WebPage","@id":"https:\/\/www.intergate.net.br\/blog\/adequacao-de-empresas-a-protecao-de-dados-pessoaisadequacao-de-empresas-a-protecao-de-dados-pessoais\/","url":"https:\/\/www.intergate.net.br\/blog\/adequacao-de-empresas-a-protecao-de-dados-pessoaisadequacao-de-empresas-a-protecao-de-dados-pessoais\/","name":"Adequa\u00e7\u00e3o de empresas \u00e0 prote\u00e7\u00e3o de dados pessoais - Blog InterGATE","isPartOf":{"@id":"https:\/\/www.intergate.net.br\/blog\/#website"},"primaryImageOfPage":{"@id":"https:\/\/www.intergate.net.br\/blog\/adequacao-de-empresas-a-protecao-de-dados-pessoaisadequacao-de-empresas-a-protecao-de-dados-pessoais\/#primaryimage"},"image":{"@id":"https:\/\/www.intergate.net.br\/blog\/adequacao-de-empresas-a-protecao-de-dados-pessoaisadequacao-de-empresas-a-protecao-de-dados-pessoais\/#primaryimage"},"thumbnailUrl":"https:\/\/www.intergate.net.br\/blog\/wp-content\/uploads\/2020\/10\/lgpd.jpg","datePublished":"2020-10-07T08:00:28+00:00","dateModified":"2020-11-25T14:44:50+00:00","description":"A entrada em vigor da LGPD no \u00faltimo m\u00eas (18\/9) consolidou a necessidade de adequa\u00e7\u00e3o de empresas \u00e0 prote\u00e7\u00e3o de dados pessoais.","breadcrumb":{"@id":"https:\/\/www.intergate.net.br\/blog\/adequacao-de-empresas-a-protecao-de-dados-pessoaisadequacao-de-empresas-a-protecao-de-dados-pessoais\/#breadcrumb"},"inLanguage":"pt-PT","potentialAction":[{"@type":"ReadAction","target":["https:\/\/www.intergate.net.br\/blog\/adequacao-de-empresas-a-protecao-de-dados-pessoaisadequacao-de-empresas-a-protecao-de-dados-pessoais\/"]}]},{"@type":"ImageObject","inLanguage":"pt-PT","@id":"https:\/\/www.intergate.net.br\/blog\/adequacao-de-empresas-a-protecao-de-dados-pessoaisadequacao-de-empresas-a-protecao-de-dados-pessoais\/#primaryimage","url":"https:\/\/www.intergate.net.br\/blog\/wp-content\/uploads\/2020\/10\/lgpd.jpg","contentUrl":"https:\/\/www.intergate.net.br\/blog\/wp-content\/uploads\/2020\/10\/lgpd.jpg","width":660,"height":371},{"@type":"BreadcrumbList","@id":"https:\/\/www.intergate.net.br\/blog\/adequacao-de-empresas-a-protecao-de-dados-pessoaisadequacao-de-empresas-a-protecao-de-dados-pessoais\/#breadcrumb","itemListElement":[{"@type":"ListItem","position":1,"name":"In\u00edcio","item":"https:\/\/www.intergate.net.br\/blog\/"},{"@type":"ListItem","position":2,"name":"Adequa\u00e7\u00e3o de empresas \u00e0 prote\u00e7\u00e3o de dados pessoais"}]},{"@type":"WebSite","@id":"https:\/\/www.intergate.net.br\/blog\/#website","url":"https:\/\/www.intergate.net.br\/blog\/","name":"Blog InterGATE","description":"Integra\u00e7\u00e3o de Sistemas com os ERPs SAP Business One ou Totvs Protheus","publisher":{"@id":"https:\/\/www.intergate.net.br\/blog\/#organization"},"potentialAction":[{"@type":"SearchAction","target":{"@type":"EntryPoint","urlTemplate":"https:\/\/www.intergate.net.br\/blog\/?s={search_term_string}"},"query-input":{"@type":"PropertyValueSpecification","valueRequired":true,"valueName":"search_term_string"}}],"inLanguage":"pt-PT"},{"@type":"Organization","@id":"https:\/\/www.intergate.net.br\/blog\/#organization","name":"InterGATE Consultoria Digital","url":"https:\/\/www.intergate.net.br\/blog\/","logo":{"@type":"ImageObject","inLanguage":"pt-PT","@id":"https:\/\/www.intergate.net.br\/blog\/#\/schema\/logo\/image\/","url":"https:\/\/www.intergate.net.br\/blog\/wp-content\/uploads\/2025\/06\/intergateLogo_original.jpg","contentUrl":"https:\/\/www.intergate.net.br\/blog\/wp-content\/uploads\/2025\/06\/intergateLogo_original.jpg","width":512,"height":512,"caption":"InterGATE Consultoria Digital"},"image":{"@id":"https:\/\/www.intergate.net.br\/blog\/#\/schema\/logo\/image\/"},"sameAs":["https:\/\/www.linkedin.com\/company\/35540154","https:\/\/www.youtube.com\/@intergateconsultoriadigita8503"]},{"@type":"Person","@id":"https:\/\/www.intergate.net.br\/blog\/#\/schema\/person\/6b1a11e7323bddf910bfd7b20b262288","name":"Monica Nietsche","url":"https:\/\/www.intergate.net.br\/blog\/author\/monica\/"}]}},"_links":{"self":[{"href":"https:\/\/www.intergate.net.br\/blog\/wp-json\/wp\/v2\/posts\/6834","targetHints":{"allow":["GET"]}}],"collection":[{"href":"https:\/\/www.intergate.net.br\/blog\/wp-json\/wp\/v2\/posts"}],"about":[{"href":"https:\/\/www.intergate.net.br\/blog\/wp-json\/wp\/v2\/types\/post"}],"author":[{"embeddable":true,"href":"https:\/\/www.intergate.net.br\/blog\/wp-json\/wp\/v2\/users\/5"}],"replies":[{"embeddable":true,"href":"https:\/\/www.intergate.net.br\/blog\/wp-json\/wp\/v2\/comments?post=6834"}],"version-history":[{"count":0,"href":"https:\/\/www.intergate.net.br\/blog\/wp-json\/wp\/v2\/posts\/6834\/revisions"}],"wp:featuredmedia":[{"embeddable":true,"href":"https:\/\/www.intergate.net.br\/blog\/wp-json\/wp\/v2\/media\/6835"}],"wp:attachment":[{"href":"https:\/\/www.intergate.net.br\/blog\/wp-json\/wp\/v2\/media?parent=6834"}],"wp:term":[{"taxonomy":"category","embeddable":true,"href":"https:\/\/www.intergate.net.br\/blog\/wp-json\/wp\/v2\/categories?post=6834"},{"taxonomy":"post_tag","embeddable":true,"href":"https:\/\/www.intergate.net.br\/blog\/wp-json\/wp\/v2\/tags?post=6834"}],"curies":[{"name":"wp","href":"https:\/\/api.w.org\/{rel}","templated":true}]}}