{"id":420,"date":"2017-03-16T18:30:59","date_gmt":"2017-03-16T21:30:59","guid":{"rendered":"http:\/\/www.rcodigital.com.br\/blog\/?p=420"},"modified":"2025-10-14T17:32:00","modified_gmt":"2025-10-14T20:32:00","slug":"apple-e-sap-anunciam-o-cloud-platform-sdk-para-ios","status":"publish","type":"post","link":"https:\/\/www.intergate.net.br\/blog\/apple-e-sap-anunciam-o-cloud-platform-sdk-para-ios\/","title":{"rendered":"Apple &#038; SAP ir\u00e3o lan\u00e7ar plataforma SDK para iOS"},"content":{"rendered":"<h1><span class=\"article-leader\">A <em>SAP<\/em>, anunciou que sua recente <em>Cloud\u00a0Platform SDK\u00a0para iOS<\/em>,\u00a0desenvolvido em colabora\u00e7\u00e3o com a <em>Apple<\/em>, ser\u00e1 lan\u00e7ada em 30 de mar\u00e7o.<\/span><\/h1>\n<p>A <em>SAP,<\/em> gigante em <em>Software<\/em> Empresarial, anunciou\u00a0na segunda-feira\u00a027\/02\/17 que sua recente <em>Cloud Platform SDK\u00a0para iOS<\/em>, desenvolvido em colabora\u00e7\u00e3o com a <a href=\"https:\/\/www.apple.com\/br\/\" target=\"_blank\" rel=\"noopener noreferrer\"><em>Apple<\/em><\/a>, ser\u00e1 lan\u00e7ada oficialmente em 30 de mar\u00e7o.<\/p>\n<p>No momento os desenvolvedores podem se registrar na Academia <em>SAP<\/em> para <em>iOS<\/em>, que fornece forma\u00e7\u00e3o no desenvolvimento de aplicativos compat\u00edveis.<\/p>\n<p><strong>A academia est\u00e1 oferecendo &#8220;forma\u00e7\u00e3o inicial e <em>workshops<\/em>&#8221; projetados em conjunto com a <em>Apple<\/em><\/strong>, com planos para uma &#8220;distribui\u00e7\u00e3o global&#8221; ainda este ano.<\/p>\n<h2><em>Cloud Platform SDK<\/em> para <em>iOS<\/em><\/h2>\n<p><!--more--><\/p>\n<p><strong>O\u00a0<em>Cloud Platform SDK <\/em>para<em> iOS<\/em><\/strong>, originalmente revelado em maio passado, <strong>destina-se para\u00a0desenvolvimento de <em>apps<\/em> tanto para o <em>iPhone<\/em> quanto para\u00a0o<em> iPad<\/em><\/strong>.<\/p>\n<p>A tecnologia <strong>tamb\u00e9m faz uso da\u00a0linguagem de programa\u00e7\u00e3o <em>Swift <\/em>da<em> Apple<\/em><\/strong> e tenta reduzir a complexidade da cria\u00e7\u00e3o de aplicativos com componentes padr\u00e3o, suportando recursos como <em>Touch ID<\/em> e o sistema de notifica\u00e7\u00e3o do <em>iOS<\/em>.<\/p>\n<p><strong>Complementando o novo conjunto de ferramentas\u00a0est\u00e1 o\u00a0<em>SAP Fiori\u00a0for iOS<\/em>, uma linguagem de <em>design<\/em> projetada para proporcionar uma experi\u00eancia de <em>iOS<\/em> ao n\u00edvel do consumidor, enquanto atendendo demandas de neg\u00f3cio.<\/strong><\/p>\n<h2>Empresas e Parcerias<\/h2>\n<p><strong>Algumas empresas, como <a href=\"https:\/\/br.burberry.com\/\" target=\"_blank\" rel=\"noopener noreferrer\"><em>Burberry<\/em><\/a>, j\u00e1 adotaram o <em>Cloud Platform SDK<\/em> para<em> iOS\u00a0<\/em><\/strong>nos testes iniciais. A <em>SAP<\/em> disse que est\u00e1 atualmente desenvolvendo <em>apps iOS<\/em> pr\u00f3prios para v\u00e1rias ind\u00fastrias, o primeiro dos quais \u2014 <em>SAP Project Companion<\/em>, para gestores e consultores \u2014 tamb\u00e9m chegar\u00e1 em 30 de mar\u00e7o.<\/p>\n<h4><\/h4>\n<p>A <em>Apple<\/em> foi durante anos relativamente hesitante\u00a0em atender ao mercado corporativo, faltando ainda uma equipe dedicada de vendas.<\/p>\n<p>Nos \u00faltimos anos esta pol\u00edtica parece ter-se modificado, como evidenciado por outras parcerias com a <em><a href=\"https:\/\/www.ibm.com\/br-pt\/\" target=\"_blank\" rel=\"noopener noreferrer\">IBM<\/a> e a <a href=\"https:\/\/www2.deloitte.com\/br\/pt.html\" target=\"_blank\" rel=\"noopener noreferrer\">Deloitte<\/a>.<\/em><\/p>\n<p>A grande maioria das receitas da <em>Apple<\/em> v\u00eam de vendas ao consumidor, mas algumas organiza\u00e7\u00f5es tem embarcado em compras <em>bulk<\/em> e\/ou suporte a plataformas, como resultado da demanda do trabalho ou simplesmente\u00a0um desejo de\u00a0estar m\u00f3vel.<\/p>\n<p><a href=\"http:\/\/www.intergate.net.br\/blog\/category\/sap-business-one\/\"><\/a><\/p>\n<hr \/>\n<p><strong>FONTE:<\/strong> <em>AppleInsider<\/em><\/p>\n<hr \/>\n<p>&nbsp;\t\t<\/p>\n","protected":false},"excerpt":{"rendered":"<p>A SAP, anunciou que sua recente Cloud\u00a0Platform SDK\u00a0para iOS,\u00a0desenvolvido em colabora\u00e7\u00e3o com a Apple, ser\u00e1 lan\u00e7ada em 30 de mar\u00e7o. A SAP, gigante em Software Empresarial, anunciou\u00a0na segunda-feira\u00a027\/02\/17 que sua recente Cloud Platform SDK\u00a0para iOS, desenvolvido em colabora\u00e7\u00e3o com a Apple, ser\u00e1 lan\u00e7ada oficialmente em 30 de mar\u00e7o. No momento [&hellip;]<\/p>\n","protected":false},"author":2,"featured_media":1808,"comment_status":"open","ping_status":"open","sticky":false,"template":"","format":"standard","meta":{"content-type":"","_themeisle_gutenberg_block_has_review":false,"footnotes":""},"categories":[3],"tags":[66,294,296,297,452,456,537],"class_list":["post-420","post","type-post","status-publish","format-standard","has-post-thumbnail","hentry","category-sem-classificacao","tag-apps","tag-ios","tag-ipad","tag-iphone","tag-sap-cloud-plataform","tag-sap-fiori","tag-tecnologia"],"yoast_head":"<!-- This site is optimized with the Yoast SEO plugin v27.5 - https:\/\/yoast.com\/product\/yoast-seo-wordpress\/ -->\n<title>Apple &amp; SAP ir\u00e3o lan\u00e7ar o Cloud Platform SDK\u00a0para iOS<\/title>\n<meta name=\"description\" content=\"A SAP, anunciou que sua recente Cloud Platform SDK\u00a0para iOS, desenvolvido em colabora\u00e7\u00e3o com a Apple, ser\u00e1 lan\u00e7ada em 30 de mar\u00e7o\" \/>\n<meta name=\"robots\" content=\"index, follow, max-snippet:-1, max-image-preview:large, max-video-preview:-1\" \/>\n<link rel=\"canonical\" href=\"https:\/\/www.intergate.net.br\/blog\/apple-e-sap-anunciam-o-cloud-platform-sdk-para-ios\/\" \/>\n<meta property=\"og:locale\" content=\"pt_PT\" \/>\n<meta property=\"og:type\" content=\"article\" \/>\n<meta property=\"og:title\" content=\"Apple &amp; SAP ir\u00e3o lan\u00e7ar o Cloud Platform SDK\u00a0para iOS\" \/>\n<meta property=\"og:description\" content=\"A SAP, anunciou que sua recente Cloud Platform SDK\u00a0para iOS, desenvolvido em colabora\u00e7\u00e3o com a Apple, ser\u00e1 lan\u00e7ada em 30 de mar\u00e7o\" \/>\n<meta property=\"og:url\" content=\"https:\/\/www.intergate.net.br\/blog\/apple-e-sap-anunciam-o-cloud-platform-sdk-para-ios\/\" \/>\n<meta property=\"og:site_name\" content=\"Blog InterGATE\" \/>\n<meta property=\"article:published_time\" content=\"2017-03-16T21:30:59+00:00\" \/>\n<meta property=\"article:modified_time\" content=\"2025-10-14T20:32:00+00:00\" \/>\n<meta property=\"og:image\" content=\"https:\/\/www.intergate.net.br\/blog\/wp-content\/uploads\/2017\/03\/AppleSAP1-e1509554497296.png\" \/>\n\t<meta property=\"og:image:width\" content=\"600\" \/>\n\t<meta property=\"og:image:height\" content=\"351\" \/>\n\t<meta property=\"og:image:type\" content=\"image\/png\" \/>\n<meta name=\"author\" content=\"Rafael Ogeda\" \/>\n<meta name=\"twitter:label1\" content=\"Escrito por\" \/>\n\t<meta name=\"twitter:data1\" content=\"Rafael Ogeda\" \/>\n\t<meta name=\"twitter:label2\" content=\"Tempo estimado de leitura\" \/>\n\t<meta name=\"twitter:data2\" content=\"2 minutos\" \/>\n<script type=\"application\/ld+json\" class=\"yoast-schema-graph\">{\"@context\":\"https:\\\/\\\/schema.org\",\"@graph\":[{\"@type\":\"Article\",\"@id\":\"https:\\\/\\\/www.intergate.net.br\\\/blog\\\/apple-e-sap-anunciam-o-cloud-platform-sdk-para-ios\\\/#article\",\"isPartOf\":{\"@id\":\"https:\\\/\\\/www.intergate.net.br\\\/blog\\\/apple-e-sap-anunciam-o-cloud-platform-sdk-para-ios\\\/\"},\"author\":{\"name\":\"Rafael Ogeda\",\"@id\":\"https:\\\/\\\/www.intergate.net.br\\\/blog\\\/#\\\/schema\\\/person\\\/8efea68df8f7120ea0cf5bd5d855f919\"},\"headline\":\"Apple &#038; SAP ir\u00e3o lan\u00e7ar plataforma SDK para iOS\",\"datePublished\":\"2017-03-16T21:30:59+00:00\",\"dateModified\":\"2025-10-14T20:32:00+00:00\",\"mainEntityOfPage\":{\"@id\":\"https:\\\/\\\/www.intergate.net.br\\\/blog\\\/apple-e-sap-anunciam-o-cloud-platform-sdk-para-ios\\\/\"},\"wordCount\":354,\"commentCount\":0,\"publisher\":{\"@id\":\"https:\\\/\\\/www.intergate.net.br\\\/blog\\\/#organization\"},\"image\":{\"@id\":\"https:\\\/\\\/www.intergate.net.br\\\/blog\\\/apple-e-sap-anunciam-o-cloud-platform-sdk-para-ios\\\/#primaryimage\"},\"thumbnailUrl\":\"https:\\\/\\\/www.intergate.net.br\\\/blog\\\/wp-content\\\/uploads\\\/2017\\\/03\\\/AppleSAP1-e1509554497296.png\",\"keywords\":[\"apps\",\"iOS\",\"iPad\",\"iPhone\",\"SAP Cloud Plataform\",\"SAP Fiori\",\"tecnologia\"],\"articleSection\":[\"Diversos\"],\"inLanguage\":\"pt-PT\",\"potentialAction\":[{\"@type\":\"CommentAction\",\"name\":\"Comment\",\"target\":[\"https:\\\/\\\/www.intergate.net.br\\\/blog\\\/apple-e-sap-anunciam-o-cloud-platform-sdk-para-ios\\\/#respond\"]}]},{\"@type\":\"WebPage\",\"@id\":\"https:\\\/\\\/www.intergate.net.br\\\/blog\\\/apple-e-sap-anunciam-o-cloud-platform-sdk-para-ios\\\/\",\"url\":\"https:\\\/\\\/www.intergate.net.br\\\/blog\\\/apple-e-sap-anunciam-o-cloud-platform-sdk-para-ios\\\/\",\"name\":\"Apple & SAP ir\u00e3o lan\u00e7ar o Cloud Platform SDK\u00a0para iOS\",\"isPartOf\":{\"@id\":\"https:\\\/\\\/www.intergate.net.br\\\/blog\\\/#website\"},\"primaryImageOfPage\":{\"@id\":\"https:\\\/\\\/www.intergate.net.br\\\/blog\\\/apple-e-sap-anunciam-o-cloud-platform-sdk-para-ios\\\/#primaryimage\"},\"image\":{\"@id\":\"https:\\\/\\\/www.intergate.net.br\\\/blog\\\/apple-e-sap-anunciam-o-cloud-platform-sdk-para-ios\\\/#primaryimage\"},\"thumbnailUrl\":\"https:\\\/\\\/www.intergate.net.br\\\/blog\\\/wp-content\\\/uploads\\\/2017\\\/03\\\/AppleSAP1-e1509554497296.png\",\"datePublished\":\"2017-03-16T21:30:59+00:00\",\"dateModified\":\"2025-10-14T20:32:00+00:00\",\"description\":\"A SAP, anunciou que sua recente Cloud Platform SDK\u00a0para iOS, desenvolvido em colabora\u00e7\u00e3o com a Apple, ser\u00e1 lan\u00e7ada em 30 de mar\u00e7o\",\"breadcrumb\":{\"@id\":\"https:\\\/\\\/www.intergate.net.br\\\/blog\\\/apple-e-sap-anunciam-o-cloud-platform-sdk-para-ios\\\/#breadcrumb\"},\"inLanguage\":\"pt-PT\",\"potentialAction\":[{\"@type\":\"ReadAction\",\"target\":[\"https:\\\/\\\/www.intergate.net.br\\\/blog\\\/apple-e-sap-anunciam-o-cloud-platform-sdk-para-ios\\\/\"]}]},{\"@type\":\"ImageObject\",\"inLanguage\":\"pt-PT\",\"@id\":\"https:\\\/\\\/www.intergate.net.br\\\/blog\\\/apple-e-sap-anunciam-o-cloud-platform-sdk-para-ios\\\/#primaryimage\",\"url\":\"https:\\\/\\\/www.intergate.net.br\\\/blog\\\/wp-content\\\/uploads\\\/2017\\\/03\\\/AppleSAP1-e1509554497296.png\",\"contentUrl\":\"https:\\\/\\\/www.intergate.net.br\\\/blog\\\/wp-content\\\/uploads\\\/2017\\\/03\\\/AppleSAP1-e1509554497296.png\",\"width\":600,\"height\":351,\"caption\":\"\"},{\"@type\":\"BreadcrumbList\",\"@id\":\"https:\\\/\\\/www.intergate.net.br\\\/blog\\\/apple-e-sap-anunciam-o-cloud-platform-sdk-para-ios\\\/#breadcrumb\",\"itemListElement\":[{\"@type\":\"ListItem\",\"position\":1,\"name\":\"In\u00edcio\",\"item\":\"https:\\\/\\\/www.intergate.net.br\\\/blog\\\/\"},{\"@type\":\"ListItem\",\"position\":2,\"name\":\"Apple &#038; SAP ir\u00e3o lan\u00e7ar plataforma SDK para iOS\"}]},{\"@type\":\"WebSite\",\"@id\":\"https:\\\/\\\/www.intergate.net.br\\\/blog\\\/#website\",\"url\":\"https:\\\/\\\/www.intergate.net.br\\\/blog\\\/\",\"name\":\"Blog InterGATE\",\"description\":\"Integra\u00e7\u00e3o de Sistemas com os ERPs SAP Business One ou Totvs Protheus\",\"publisher\":{\"@id\":\"https:\\\/\\\/www.intergate.net.br\\\/blog\\\/#organization\"},\"potentialAction\":[{\"@type\":\"SearchAction\",\"target\":{\"@type\":\"EntryPoint\",\"urlTemplate\":\"https:\\\/\\\/www.intergate.net.br\\\/blog\\\/?s={search_term_string}\"},\"query-input\":{\"@type\":\"PropertyValueSpecification\",\"valueRequired\":true,\"valueName\":\"search_term_string\"}}],\"inLanguage\":\"pt-PT\"},{\"@type\":\"Organization\",\"@id\":\"https:\\\/\\\/www.intergate.net.br\\\/blog\\\/#organization\",\"name\":\"InterGATE Consultoria Digital\",\"url\":\"https:\\\/\\\/www.intergate.net.br\\\/blog\\\/\",\"logo\":{\"@type\":\"ImageObject\",\"inLanguage\":\"pt-PT\",\"@id\":\"https:\\\/\\\/www.intergate.net.br\\\/blog\\\/#\\\/schema\\\/logo\\\/image\\\/\",\"url\":\"https:\\\/\\\/www.intergate.net.br\\\/blog\\\/wp-content\\\/uploads\\\/2025\\\/06\\\/intergateLogo_original.jpg\",\"contentUrl\":\"https:\\\/\\\/www.intergate.net.br\\\/blog\\\/wp-content\\\/uploads\\\/2025\\\/06\\\/intergateLogo_original.jpg\",\"width\":512,\"height\":512,\"caption\":\"InterGATE Consultoria Digital\"},\"image\":{\"@id\":\"https:\\\/\\\/www.intergate.net.br\\\/blog\\\/#\\\/schema\\\/logo\\\/image\\\/\"},\"sameAs\":[\"https:\\\/\\\/www.linkedin.com\\\/company\\\/35540154\",\"https:\\\/\\\/www.youtube.com\\\/@intergateconsultoriadigita8503\"]},{\"@type\":\"Person\",\"@id\":\"https:\\\/\\\/www.intergate.net.br\\\/blog\\\/#\\\/schema\\\/person\\\/8efea68df8f7120ea0cf5bd5d855f919\",\"name\":\"Rafael Ogeda\",\"url\":\"https:\\\/\\\/www.intergate.net.br\\\/blog\\\/author\\\/rfr27j\\\/\"}]}<\/script>\n<!-- \/ Yoast SEO plugin. -->","yoast_head_json":{"title":"Apple & SAP ir\u00e3o lan\u00e7ar o Cloud Platform SDK\u00a0para iOS","description":"A SAP, anunciou que sua recente Cloud Platform SDK\u00a0para iOS, desenvolvido em colabora\u00e7\u00e3o com a Apple, ser\u00e1 lan\u00e7ada em 30 de mar\u00e7o","robots":{"index":"index","follow":"follow","max-snippet":"max-snippet:-1","max-image-preview":"max-image-preview:large","max-video-preview":"max-video-preview:-1"},"canonical":"https:\/\/www.intergate.net.br\/blog\/apple-e-sap-anunciam-o-cloud-platform-sdk-para-ios\/","og_locale":"pt_PT","og_type":"article","og_title":"Apple & SAP ir\u00e3o lan\u00e7ar o Cloud Platform SDK\u00a0para iOS","og_description":"A SAP, anunciou que sua recente Cloud Platform SDK\u00a0para iOS, desenvolvido em colabora\u00e7\u00e3o com a Apple, ser\u00e1 lan\u00e7ada em 30 de mar\u00e7o","og_url":"https:\/\/www.intergate.net.br\/blog\/apple-e-sap-anunciam-o-cloud-platform-sdk-para-ios\/","og_site_name":"Blog InterGATE","article_published_time":"2017-03-16T21:30:59+00:00","article_modified_time":"2025-10-14T20:32:00+00:00","og_image":[{"width":600,"height":351,"url":"https:\/\/www.intergate.net.br\/blog\/wp-content\/uploads\/2017\/03\/AppleSAP1-e1509554497296.png","type":"image\/png"}],"author":"Rafael Ogeda","twitter_misc":{"Escrito por":"Rafael Ogeda","Tempo estimado de leitura":"2 minutos"},"schema":{"@context":"https:\/\/schema.org","@graph":[{"@type":"Article","@id":"https:\/\/www.intergate.net.br\/blog\/apple-e-sap-anunciam-o-cloud-platform-sdk-para-ios\/#article","isPartOf":{"@id":"https:\/\/www.intergate.net.br\/blog\/apple-e-sap-anunciam-o-cloud-platform-sdk-para-ios\/"},"author":{"name":"Rafael Ogeda","@id":"https:\/\/www.intergate.net.br\/blog\/#\/schema\/person\/8efea68df8f7120ea0cf5bd5d855f919"},"headline":"Apple &#038; SAP ir\u00e3o lan\u00e7ar plataforma SDK para iOS","datePublished":"2017-03-16T21:30:59+00:00","dateModified":"2025-10-14T20:32:00+00:00","mainEntityOfPage":{"@id":"https:\/\/www.intergate.net.br\/blog\/apple-e-sap-anunciam-o-cloud-platform-sdk-para-ios\/"},"wordCount":354,"commentCount":0,"publisher":{"@id":"https:\/\/www.intergate.net.br\/blog\/#organization"},"image":{"@id":"https:\/\/www.intergate.net.br\/blog\/apple-e-sap-anunciam-o-cloud-platform-sdk-para-ios\/#primaryimage"},"thumbnailUrl":"https:\/\/www.intergate.net.br\/blog\/wp-content\/uploads\/2017\/03\/AppleSAP1-e1509554497296.png","keywords":["apps","iOS","iPad","iPhone","SAP Cloud Plataform","SAP Fiori","tecnologia"],"articleSection":["Diversos"],"inLanguage":"pt-PT","potentialAction":[{"@type":"CommentAction","name":"Comment","target":["https:\/\/www.intergate.net.br\/blog\/apple-e-sap-anunciam-o-cloud-platform-sdk-para-ios\/#respond"]}]},{"@type":"WebPage","@id":"https:\/\/www.intergate.net.br\/blog\/apple-e-sap-anunciam-o-cloud-platform-sdk-para-ios\/","url":"https:\/\/www.intergate.net.br\/blog\/apple-e-sap-anunciam-o-cloud-platform-sdk-para-ios\/","name":"Apple & SAP ir\u00e3o lan\u00e7ar o Cloud Platform SDK\u00a0para iOS","isPartOf":{"@id":"https:\/\/www.intergate.net.br\/blog\/#website"},"primaryImageOfPage":{"@id":"https:\/\/www.intergate.net.br\/blog\/apple-e-sap-anunciam-o-cloud-platform-sdk-para-ios\/#primaryimage"},"image":{"@id":"https:\/\/www.intergate.net.br\/blog\/apple-e-sap-anunciam-o-cloud-platform-sdk-para-ios\/#primaryimage"},"thumbnailUrl":"https:\/\/www.intergate.net.br\/blog\/wp-content\/uploads\/2017\/03\/AppleSAP1-e1509554497296.png","datePublished":"2017-03-16T21:30:59+00:00","dateModified":"2025-10-14T20:32:00+00:00","description":"A SAP, anunciou que sua recente Cloud Platform SDK\u00a0para iOS, desenvolvido em colabora\u00e7\u00e3o com a Apple, ser\u00e1 lan\u00e7ada em 30 de mar\u00e7o","breadcrumb":{"@id":"https:\/\/www.intergate.net.br\/blog\/apple-e-sap-anunciam-o-cloud-platform-sdk-para-ios\/#breadcrumb"},"inLanguage":"pt-PT","potentialAction":[{"@type":"ReadAction","target":["https:\/\/www.intergate.net.br\/blog\/apple-e-sap-anunciam-o-cloud-platform-sdk-para-ios\/"]}]},{"@type":"ImageObject","inLanguage":"pt-PT","@id":"https:\/\/www.intergate.net.br\/blog\/apple-e-sap-anunciam-o-cloud-platform-sdk-para-ios\/#primaryimage","url":"https:\/\/www.intergate.net.br\/blog\/wp-content\/uploads\/2017\/03\/AppleSAP1-e1509554497296.png","contentUrl":"https:\/\/www.intergate.net.br\/blog\/wp-content\/uploads\/2017\/03\/AppleSAP1-e1509554497296.png","width":600,"height":351,"caption":""},{"@type":"BreadcrumbList","@id":"https:\/\/www.intergate.net.br\/blog\/apple-e-sap-anunciam-o-cloud-platform-sdk-para-ios\/#breadcrumb","itemListElement":[{"@type":"ListItem","position":1,"name":"In\u00edcio","item":"https:\/\/www.intergate.net.br\/blog\/"},{"@type":"ListItem","position":2,"name":"Apple &#038; SAP ir\u00e3o lan\u00e7ar plataforma SDK para iOS"}]},{"@type":"WebSite","@id":"https:\/\/www.intergate.net.br\/blog\/#website","url":"https:\/\/www.intergate.net.br\/blog\/","name":"Blog InterGATE","description":"Integra\u00e7\u00e3o de Sistemas com os ERPs SAP Business One ou Totvs Protheus","publisher":{"@id":"https:\/\/www.intergate.net.br\/blog\/#organization"},"potentialAction":[{"@type":"SearchAction","target":{"@type":"EntryPoint","urlTemplate":"https:\/\/www.intergate.net.br\/blog\/?s={search_term_string}"},"query-input":{"@type":"PropertyValueSpecification","valueRequired":true,"valueName":"search_term_string"}}],"inLanguage":"pt-PT"},{"@type":"Organization","@id":"https:\/\/www.intergate.net.br\/blog\/#organization","name":"InterGATE Consultoria Digital","url":"https:\/\/www.intergate.net.br\/blog\/","logo":{"@type":"ImageObject","inLanguage":"pt-PT","@id":"https:\/\/www.intergate.net.br\/blog\/#\/schema\/logo\/image\/","url":"https:\/\/www.intergate.net.br\/blog\/wp-content\/uploads\/2025\/06\/intergateLogo_original.jpg","contentUrl":"https:\/\/www.intergate.net.br\/blog\/wp-content\/uploads\/2025\/06\/intergateLogo_original.jpg","width":512,"height":512,"caption":"InterGATE Consultoria Digital"},"image":{"@id":"https:\/\/www.intergate.net.br\/blog\/#\/schema\/logo\/image\/"},"sameAs":["https:\/\/www.linkedin.com\/company\/35540154","https:\/\/www.youtube.com\/@intergateconsultoriadigita8503"]},{"@type":"Person","@id":"https:\/\/www.intergate.net.br\/blog\/#\/schema\/person\/8efea68df8f7120ea0cf5bd5d855f919","name":"Rafael Ogeda","url":"https:\/\/www.intergate.net.br\/blog\/author\/rfr27j\/"}]}},"_links":{"self":[{"href":"https:\/\/www.intergate.net.br\/blog\/wp-json\/wp\/v2\/posts\/420","targetHints":{"allow":["GET"]}}],"collection":[{"href":"https:\/\/www.intergate.net.br\/blog\/wp-json\/wp\/v2\/posts"}],"about":[{"href":"https:\/\/www.intergate.net.br\/blog\/wp-json\/wp\/v2\/types\/post"}],"author":[{"embeddable":true,"href":"https:\/\/www.intergate.net.br\/blog\/wp-json\/wp\/v2\/users\/2"}],"replies":[{"embeddable":true,"href":"https:\/\/www.intergate.net.br\/blog\/wp-json\/wp\/v2\/comments?post=420"}],"version-history":[{"count":0,"href":"https:\/\/www.intergate.net.br\/blog\/wp-json\/wp\/v2\/posts\/420\/revisions"}],"wp:featuredmedia":[{"embeddable":true,"href":"https:\/\/www.intergate.net.br\/blog\/wp-json\/wp\/v2\/media\/1808"}],"wp:attachment":[{"href":"https:\/\/www.intergate.net.br\/blog\/wp-json\/wp\/v2\/media?parent=420"}],"wp:term":[{"taxonomy":"category","embeddable":true,"href":"https:\/\/www.intergate.net.br\/blog\/wp-json\/wp\/v2\/categories?post=420"},{"taxonomy":"post_tag","embeddable":true,"href":"https:\/\/www.intergate.net.br\/blog\/wp-json\/wp\/v2\/tags?post=420"}],"curies":[{"name":"wp","href":"https:\/\/api.w.org\/{rel}","templated":true}]}}