{"id":3852,"date":"2018-09-03T08:33:30","date_gmt":"2018-09-03T11:33:30","guid":{"rendered":"http:\/\/www.rcodigital.com.br\/blog\/?p=3852"},"modified":"2025-08-11T16:49:14","modified_gmt":"2025-08-11T19:49:14","slug":"como-nao-falir-em-periodo-de-crise","status":"publish","type":"post","link":"https:\/\/www.intergate.net.br\/blog\/como-nao-falir-em-periodo-de-crise\/","title":{"rendered":"Como n\u00e3o falir em per\u00edodo de crise"},"content":{"rendered":"<h1>Estudo identifica os 5 principais riscos que podem levar \u00e0 fal\u00eancia pequenos neg\u00f3cios, e d\u00e1 dicas e cuidados para n\u00e3o falir em per\u00edodo de crise, como o que o Brasil enfrenta nos \u00faltimos anos.<\/h1>\n<p>Estudo do Instituto MahaGest\u00e3o feito com cinco mil neg\u00f3cios identificou <strong>os cinco riscos principais que podem levar o pequeno empreendimento \u00e0 fal\u00eancia, principalmente em per\u00edodos de recess\u00e3o<\/strong>.<\/p>\n<p>Os 5 principais riscos s\u00e3o: <strong>dificuldades na gest\u00e3o financeira, atraso nos pagamentos, contrair cr\u00e9dito pagando juros altos, descontrole de fluxo de caixa e dificuldade para identificar desvios<\/strong>.<\/p>\n<p>Confira neste artigo mais detalhes sobre estes riscos e dicas de como evitar que levem seus neg\u00f3cios \u00e0 fal\u00eancia&#8230;<\/p>\n<p><!--more--><\/p>\n<h2>Falta de Automatiza\u00e7\u00e3o de Processos<\/h2>\n<p><span style=\"color: #333333; font-size: 1rem;\">Segundo o <\/span><span style=\"color: #333333; font-size: 1rem;\">idealizador do instituto e CEO da empresa de gest\u00e3o empresarial Jiva, F\u00e1bio T\u00falio, <strong>o envolvimento dos donos das PMEs com as atividades b\u00e1sicas da opera\u00e7\u00e3o e controle costuma ser t\u00e3o grande, que n\u00e3o sobra tempo para se dedicarem a tarefas gerenciais e estrat\u00e9gicas que agregam valor ao neg\u00f3cio<\/strong>.<\/span><\/p>\n<blockquote><p>\u201cEles entram em um c\u00edrculo vicioso e deixam de investir tempo e recursos para implantar a transforma\u00e7\u00e3o digital e automatizar os processos b\u00e1sicos, passo importante para racionalizar a opera\u00e7\u00e3o. Fazendo gest\u00e3o manual gastam tempo, t\u00eam pouca precis\u00e3o e alta taxa de erro\u201d, afirma.<\/p><\/blockquote>\n<p>Para o executivo, o ideal \u00e9 que as MPEs invistam 1% do faturamento anual em projeto de automa\u00e7\u00e3o. F\u00e1bio T\u00falio destaca que o que a empresa ganha em racionaliza\u00e7\u00e3o \u00e9 muito maior que o investimento feito para isso.<\/p>\n<p>T\u00falio diz que <strong>al\u00e9m de investir em tecnologia \u00e9 preciso aperfei\u00e7oar os processos<\/strong> e, principalmente, capacitar as pessoas para que elas se sintam engajadas e comprometidas.<\/p>\n<blockquote><p>\u201cEsses empres\u00e1rios t\u00eam pouca informa\u00e7\u00e3o para planejar e se antecipar aos problemas. E quando o fazem, n\u00e3o monitoram o que realmente est\u00e3o realizando frente ao programado\u201d, conclui F\u00e1bio.<\/p><\/blockquote>\n<h2>Falta de Gest\u00e3o<\/h2>\n<p>A realidade de grande parte das micro e pequenas empresas, por\u00e9m, n\u00e3o \u00e9 a mesma. <strong>A falta de gest\u00e3o continua sendo um grande desafio para muitos empreendedores.<\/strong><\/p>\n<p>Economista e consultor do Sebrae, Sergio Dias concorda que m\u00e1 gest\u00e3o \u00e9 uma das principais causas do insucesso de um empreendimento e lista as <strong>\u00e1reas que merecem aten\u00e7\u00e3o redobrada: gest\u00e3o financeira, incluindo os custos e as contas a pagar e receber, a gest\u00e3o de estoque e a gest\u00e3o de compras e fornecedores<\/strong>.<\/p>\n<p>Dias ressalta que o planejamento \u00e9 importante para evitar que o neg\u00f3cio sofra ainda mais em per\u00edodos de crise.<\/p>\n<blockquote><p>\u201cO planejamento \u00e9 fundamental e deve anteceder a fase de cria\u00e7\u00e3o da empresa. Planejar com assertividade permite ao empreendedor ter vis\u00e3o do neg\u00f3cio ao longo de um per\u00edodo, para olhar a empresa no futuro e n\u00e3o pelo espelho retrovisor.\u201d<\/p><\/blockquote>\n<p>Segundo ele, em per\u00edodos de recess\u00e3o o ciclo de planejamento deve ser menor.<\/p>\n<blockquote><p>\u201cSe em \u00e9pocas de estabilidade o empres\u00e1rio faz planejamento anual, na crise o intervalo deve ser de seis meses ou menos, dependendo do neg\u00f3cio. Tamb\u00e9m \u00e9 muito importante criar indicadores de desempenho, tanto da receita quanto da despesa. Os indicadores servem para promover ajustes no plano.\u201d<\/p><\/blockquote>\n<h2>Falta de Planejamento<\/h2>\n<p>S\u00f3cio-diretor da Prosphera Educa\u00e7\u00e3o Corporativa, Haroldo Matsumoto considera que <strong>a falta de planejamento quebra mais empresas que a falta de cliente ou de capital<\/strong>.<\/p>\n<blockquote><p>\u201cO mercado n\u00e3o tolera mais amadores ou aventureiros na gest\u00e3o dos neg\u00f3cios. Quem n\u00e3o tem planejamento est\u00e1 \u00e0 merc\u00ea da sorte\u201d, afirma.<\/p><\/blockquote>\n<p>Matsumoto considera que o cen\u00e1rio brasileiro \u00e9 completamente ca\u00f3tico e negativo. Mas avalia que os <strong>neg\u00f3cios bem estruturados est\u00e3o fortalecidos para enfrentar o pior da crise e ainda t\u00eam a oportunidade de dominar o mercado<\/strong>, por conta da fal\u00eancia dos principais concorrentes.<\/p>\n<p>Ele acrescenta que <strong>\u00e9 justamente na crise que os maiores erros de gest\u00e3o aparecem<\/strong>.<\/p>\n<blockquote><p>\u201cQuando o mercado est\u00e1 aquecido tanto o cliente quanto o segmento permitem erros, deslizes e a completa falta de controle e de monitoramento, porque as margens de lucro s\u00e3o grandes e escondem qualquer preju\u00edzo\u201d, diz.<\/p><\/blockquote>\n<p><strong style=\"color: #333333; font-size: 1rem;\">O consultor tamb\u00e9m faz um alerta \u00e0queles que sempre tentam cobrir o pre\u00e7o do concorrente.<\/strong><span style=\"color: #333333; font-size: 1rem;\"> Ele diz que \u00e9 bom ter o par\u00e2metro do pre\u00e7o que o mercado pratica e tamb\u00e9m saber na ponta do l\u00e1pis quais s\u00e3o os custos envolvidos em seu processo, bem como o limite m\u00ednimo que pode vender.<\/span><\/p>\n<blockquote><p>\u201c\u00c0s vezes, negar uma venda \u00e9 melhor para sa\u00fade da empresa e para a sua perpetua\u00e7\u00e3o no mercado. Com a crise que assola o Pa\u00eds h\u00e1 tr\u00eas anos, assumir riscos sem no\u00e7\u00e3o exata da decis\u00e3o \u00e9 amargar preju\u00edzo na certa, podendo at\u00e9 mesmo colocar em risco o patrim\u00f4nio\u201d, destaca.<\/p>\n<\/blockquote>\n<h2>Falta de Informa\u00e7\u00e3o<\/h2>\n<p>Consultor de neg\u00f3cios, Sandro San lamenta a aus\u00eancia de cultura de planejamento entre as pequenas empresas brasileiras. Ele acredita que essa \u00e9 uma das raz\u00f5es pelas quais a maioria delas fecham nos primeiros anos de vida.<\/p>\n<p>Segundo ele, <strong>\u00e9 muito dif\u00edcil fazer uma boa gest\u00e3o ou planejamento empresarial sem ter acesso a informa\u00e7\u00f5es adequadas que possam ser acessadas no momento certo para a tomada de decis\u00e3o do gestor<\/strong>.<\/p>\n<blockquote><p>\u201cSem informa\u00e7\u00e3o adequada e em tempo real, o planejamento se torna ineficiente e incapaz de produzir resultados concretos e, obviamente, coloca o empreendedor num estado de comprometimento das suas finan\u00e7as, o que pode lev\u00e1-lo \u00e0 fal\u00eancia em muito pouco tempo\u201d, diz o consultor.<\/p>\n<div id=\"consultoria-gratuita-be59edf2c12c3105ae73\" role=\"main\"><\/div>\n<p><script type=\"text\/javascript\" src=\"https:\/\/d335luupugsy2.cloudfront.net\/js\/rdstation-forms\/stable\/rdstation-forms.min.js\"><\/script><br \/>\n<script type=\"text\/javascript\"><br \/>\n  new RDStationForms('consultoria-gratuita-be59edf2c12c3105ae73-html', 'UA-92763354-1').createForm();<br \/>\n<\/script><\/p>\n<hr>\n<\/blockquote>\n<p><strong>Talvez voc\u00ea tamb\u00e9m possa se interessar por:<\/strong><\/p>\n<ul>\n<li><a href=\"http:\/\/www.intergate.net.br\/blog\/gestao-requer-tecnologia-para-aumentar-eficiencia-e-competitividade-no-mercado\/\" target=\"_blank\" rel=\"noopener noreferrer\">Gest\u00e3o Empresarial \u00e1gil requer Tecnologia<\/a><\/li>\n<li><a href=\"http:\/\/www.intergate.net.br\/blog\/planejamento-empresarial-2018-a-hora-e-agora\/\" target=\"_blank\" rel=\"noopener noreferrer\">Planejamento empresarial 2018: prepare-se, A Hora \u00e9 Agora!<\/a><\/li>\n<li><a href=\"http:\/\/www.intergate.net.br\/blog\/empresas-investem-cada-vez-mais-em-sistemas-de-gestao\/\" target=\"_blank\" rel=\"noopener noreferrer\">Empresas investem cada vez mais em sistemas de gest\u00e3o<\/a><\/li>\n<li><a href=\"http:\/\/www.intergate.net.br\/blog\/consultoria-empresarial-hora-de-buscar-ajuda\/\" target=\"_blank\" rel=\"noopener noreferrer\">Consultoria empresarial; Chegou a hora de buscar ajuda externa!<\/a><\/li>\n<\/ul>\n<hr>\n<p><strong>FONTE<\/strong>: <em><a href=\"https:\/\/economia.estadao.com.br\/blogs\/sua-oportunidade\/como-nao-falir-mesmo-em-periodo-de-crise\/\" target=\"_blank\" rel=\"noopener noreferrer\">Estad\u00e3o<\/a><\/em><\/p>\n<hr>\n<p>&nbsp;<\/p>\n","protected":false},"excerpt":{"rendered":"<p>Como n\u00e3o falir em per\u00edodo de crise<\/p>\n","protected":false},"author":2,"featured_media":4263,"comment_status":"open","ping_status":"open","sticky":false,"template":"","format":"standard","meta":{"content-type":"","_themeisle_gutenberg_block_has_review":false,"footnotes":""},"categories":[18,5],"tags":[152,236,237,390,549],"class_list":["post-3852","post","type-post","status-publish","format-standard","has-post-thumbnail","hentry","category-erp","category-gestao-empresarial","tag-crise","tag-gestao-empresarial","tag-gestao-financeira","tag-planejamento","tag-transformacao-digital"],"yoast_head":"<!-- This site is optimized with the Yoast SEO plugin v27.4 - https:\/\/yoast.com\/product\/yoast-seo-wordpress\/ -->\n<title>Como n\u00e3o falir em per\u00edodo de crise - Blog InterGATE<\/title>\n<meta name=\"description\" content=\"Como n\u00e3o falir em per\u00edodo de crise\" \/>\n<meta name=\"robots\" content=\"index, follow, max-snippet:-1, max-image-preview:large, max-video-preview:-1\" \/>\n<link rel=\"canonical\" href=\"https:\/\/www.intergate.net.br\/blog\/como-nao-falir-em-periodo-de-crise\/\" \/>\n<meta property=\"og:locale\" content=\"pt_PT\" \/>\n<meta property=\"og:type\" content=\"article\" \/>\n<meta property=\"og:title\" content=\"Como n\u00e3o falir em per\u00edodo de crise - Blog InterGATE\" \/>\n<meta property=\"og:description\" content=\"Como n\u00e3o falir em per\u00edodo de crise\" \/>\n<meta property=\"og:url\" content=\"https:\/\/www.intergate.net.br\/blog\/como-nao-falir-em-periodo-de-crise\/\" \/>\n<meta property=\"og:site_name\" content=\"Blog InterGATE\" \/>\n<meta property=\"article:published_time\" content=\"2018-09-03T11:33:30+00:00\" \/>\n<meta property=\"article:modified_time\" content=\"2025-08-11T19:49:14+00:00\" \/>\n<meta property=\"og:image\" content=\"https:\/\/www.intergate.net.br\/blog\/wp-content\/uploads\/2018\/09\/Falir.jpg\" \/>\n\t<meta property=\"og:image:width\" content=\"600\" \/>\n\t<meta property=\"og:image:height\" content=\"337\" \/>\n\t<meta property=\"og:image:type\" content=\"image\/jpeg\" \/>\n<meta name=\"author\" content=\"Rafael Ogeda\" \/>\n<meta name=\"twitter:label1\" content=\"Escrito por\" \/>\n\t<meta name=\"twitter:data1\" content=\"Rafael Ogeda\" \/>\n\t<meta name=\"twitter:label2\" content=\"Tempo estimado de leitura\" \/>\n\t<meta name=\"twitter:data2\" content=\"5 minutos\" \/>\n<script type=\"application\/ld+json\" class=\"yoast-schema-graph\">{\"@context\":\"https:\\\/\\\/schema.org\",\"@graph\":[{\"@type\":\"Article\",\"@id\":\"https:\\\/\\\/www.intergate.net.br\\\/blog\\\/como-nao-falir-em-periodo-de-crise\\\/#article\",\"isPartOf\":{\"@id\":\"https:\\\/\\\/www.intergate.net.br\\\/blog\\\/como-nao-falir-em-periodo-de-crise\\\/\"},\"author\":{\"name\":\"Rafael Ogeda\",\"@id\":\"https:\\\/\\\/www.intergate.net.br\\\/blog\\\/#\\\/schema\\\/person\\\/8efea68df8f7120ea0cf5bd5d855f919\"},\"headline\":\"Como n\u00e3o falir em per\u00edodo de crise\",\"datePublished\":\"2018-09-03T11:33:30+00:00\",\"dateModified\":\"2025-08-11T19:49:14+00:00\",\"mainEntityOfPage\":{\"@id\":\"https:\\\/\\\/www.intergate.net.br\\\/blog\\\/como-nao-falir-em-periodo-de-crise\\\/\"},\"wordCount\":988,\"commentCount\":0,\"publisher\":{\"@id\":\"https:\\\/\\\/www.intergate.net.br\\\/blog\\\/#organization\"},\"image\":{\"@id\":\"https:\\\/\\\/www.intergate.net.br\\\/blog\\\/como-nao-falir-em-periodo-de-crise\\\/#primaryimage\"},\"thumbnailUrl\":\"https:\\\/\\\/www.intergate.net.br\\\/blog\\\/wp-content\\\/uploads\\\/2018\\\/09\\\/Falir.jpg\",\"keywords\":[\"crise\",\"gest\u00e3o empresarial\",\"gest\u00e3o financeira\",\"Planejamento\",\"transforma\u00e7\u00e3o digital\"],\"articleSection\":[\"ERP\",\"Gest\u00e3o Empresarial\"],\"inLanguage\":\"pt-PT\",\"potentialAction\":[{\"@type\":\"CommentAction\",\"name\":\"Comment\",\"target\":[\"https:\\\/\\\/www.intergate.net.br\\\/blog\\\/como-nao-falir-em-periodo-de-crise\\\/#respond\"]}]},{\"@type\":\"WebPage\",\"@id\":\"https:\\\/\\\/www.intergate.net.br\\\/blog\\\/como-nao-falir-em-periodo-de-crise\\\/\",\"url\":\"https:\\\/\\\/www.intergate.net.br\\\/blog\\\/como-nao-falir-em-periodo-de-crise\\\/\",\"name\":\"Como n\u00e3o falir em per\u00edodo de crise - Blog InterGATE\",\"isPartOf\":{\"@id\":\"https:\\\/\\\/www.intergate.net.br\\\/blog\\\/#website\"},\"primaryImageOfPage\":{\"@id\":\"https:\\\/\\\/www.intergate.net.br\\\/blog\\\/como-nao-falir-em-periodo-de-crise\\\/#primaryimage\"},\"image\":{\"@id\":\"https:\\\/\\\/www.intergate.net.br\\\/blog\\\/como-nao-falir-em-periodo-de-crise\\\/#primaryimage\"},\"thumbnailUrl\":\"https:\\\/\\\/www.intergate.net.br\\\/blog\\\/wp-content\\\/uploads\\\/2018\\\/09\\\/Falir.jpg\",\"datePublished\":\"2018-09-03T11:33:30+00:00\",\"dateModified\":\"2025-08-11T19:49:14+00:00\",\"description\":\"Como n\u00e3o falir em per\u00edodo de crise\",\"breadcrumb\":{\"@id\":\"https:\\\/\\\/www.intergate.net.br\\\/blog\\\/como-nao-falir-em-periodo-de-crise\\\/#breadcrumb\"},\"inLanguage\":\"pt-PT\",\"potentialAction\":[{\"@type\":\"ReadAction\",\"target\":[\"https:\\\/\\\/www.intergate.net.br\\\/blog\\\/como-nao-falir-em-periodo-de-crise\\\/\"]}]},{\"@type\":\"ImageObject\",\"inLanguage\":\"pt-PT\",\"@id\":\"https:\\\/\\\/www.intergate.net.br\\\/blog\\\/como-nao-falir-em-periodo-de-crise\\\/#primaryimage\",\"url\":\"https:\\\/\\\/www.intergate.net.br\\\/blog\\\/wp-content\\\/uploads\\\/2018\\\/09\\\/Falir.jpg\",\"contentUrl\":\"https:\\\/\\\/www.intergate.net.br\\\/blog\\\/wp-content\\\/uploads\\\/2018\\\/09\\\/Falir.jpg\",\"width\":600,\"height\":337,\"caption\":\"\"},{\"@type\":\"BreadcrumbList\",\"@id\":\"https:\\\/\\\/www.intergate.net.br\\\/blog\\\/como-nao-falir-em-periodo-de-crise\\\/#breadcrumb\",\"itemListElement\":[{\"@type\":\"ListItem\",\"position\":1,\"name\":\"In\u00edcio\",\"item\":\"https:\\\/\\\/www.intergate.net.br\\\/blog\\\/\"},{\"@type\":\"ListItem\",\"position\":2,\"name\":\"Como n\u00e3o falir em per\u00edodo de crise\"}]},{\"@type\":\"WebSite\",\"@id\":\"https:\\\/\\\/www.intergate.net.br\\\/blog\\\/#website\",\"url\":\"https:\\\/\\\/www.intergate.net.br\\\/blog\\\/\",\"name\":\"Blog InterGATE\",\"description\":\"Integra\u00e7\u00e3o de Sistemas com os ERPs SAP Business One ou Totvs Protheus\",\"publisher\":{\"@id\":\"https:\\\/\\\/www.intergate.net.br\\\/blog\\\/#organization\"},\"potentialAction\":[{\"@type\":\"SearchAction\",\"target\":{\"@type\":\"EntryPoint\",\"urlTemplate\":\"https:\\\/\\\/www.intergate.net.br\\\/blog\\\/?s={search_term_string}\"},\"query-input\":{\"@type\":\"PropertyValueSpecification\",\"valueRequired\":true,\"valueName\":\"search_term_string\"}}],\"inLanguage\":\"pt-PT\"},{\"@type\":\"Organization\",\"@id\":\"https:\\\/\\\/www.intergate.net.br\\\/blog\\\/#organization\",\"name\":\"InterGATE Consultoria Digital\",\"url\":\"https:\\\/\\\/www.intergate.net.br\\\/blog\\\/\",\"logo\":{\"@type\":\"ImageObject\",\"inLanguage\":\"pt-PT\",\"@id\":\"https:\\\/\\\/www.intergate.net.br\\\/blog\\\/#\\\/schema\\\/logo\\\/image\\\/\",\"url\":\"https:\\\/\\\/www.intergate.net.br\\\/blog\\\/wp-content\\\/uploads\\\/2025\\\/06\\\/intergateLogo_original.jpg\",\"contentUrl\":\"https:\\\/\\\/www.intergate.net.br\\\/blog\\\/wp-content\\\/uploads\\\/2025\\\/06\\\/intergateLogo_original.jpg\",\"width\":512,\"height\":512,\"caption\":\"InterGATE Consultoria Digital\"},\"image\":{\"@id\":\"https:\\\/\\\/www.intergate.net.br\\\/blog\\\/#\\\/schema\\\/logo\\\/image\\\/\"},\"sameAs\":[\"https:\\\/\\\/www.linkedin.com\\\/company\\\/35540154\",\"https:\\\/\\\/www.youtube.com\\\/@intergateconsultoriadigita8503\"]},{\"@type\":\"Person\",\"@id\":\"https:\\\/\\\/www.intergate.net.br\\\/blog\\\/#\\\/schema\\\/person\\\/8efea68df8f7120ea0cf5bd5d855f919\",\"name\":\"Rafael Ogeda\",\"url\":\"https:\\\/\\\/www.intergate.net.br\\\/blog\\\/author\\\/rfr27j\\\/\"}]}<\/script>\n<!-- \/ Yoast SEO plugin. -->","yoast_head_json":{"title":"Como n\u00e3o falir em per\u00edodo de crise - Blog InterGATE","description":"Como n\u00e3o falir em per\u00edodo de crise","robots":{"index":"index","follow":"follow","max-snippet":"max-snippet:-1","max-image-preview":"max-image-preview:large","max-video-preview":"max-video-preview:-1"},"canonical":"https:\/\/www.intergate.net.br\/blog\/como-nao-falir-em-periodo-de-crise\/","og_locale":"pt_PT","og_type":"article","og_title":"Como n\u00e3o falir em per\u00edodo de crise - Blog InterGATE","og_description":"Como n\u00e3o falir em per\u00edodo de crise","og_url":"https:\/\/www.intergate.net.br\/blog\/como-nao-falir-em-periodo-de-crise\/","og_site_name":"Blog InterGATE","article_published_time":"2018-09-03T11:33:30+00:00","article_modified_time":"2025-08-11T19:49:14+00:00","og_image":[{"width":600,"height":337,"url":"https:\/\/www.intergate.net.br\/blog\/wp-content\/uploads\/2018\/09\/Falir.jpg","type":"image\/jpeg"}],"author":"Rafael Ogeda","twitter_misc":{"Escrito por":"Rafael Ogeda","Tempo estimado de leitura":"5 minutos"},"schema":{"@context":"https:\/\/schema.org","@graph":[{"@type":"Article","@id":"https:\/\/www.intergate.net.br\/blog\/como-nao-falir-em-periodo-de-crise\/#article","isPartOf":{"@id":"https:\/\/www.intergate.net.br\/blog\/como-nao-falir-em-periodo-de-crise\/"},"author":{"name":"Rafael Ogeda","@id":"https:\/\/www.intergate.net.br\/blog\/#\/schema\/person\/8efea68df8f7120ea0cf5bd5d855f919"},"headline":"Como n\u00e3o falir em per\u00edodo de crise","datePublished":"2018-09-03T11:33:30+00:00","dateModified":"2025-08-11T19:49:14+00:00","mainEntityOfPage":{"@id":"https:\/\/www.intergate.net.br\/blog\/como-nao-falir-em-periodo-de-crise\/"},"wordCount":988,"commentCount":0,"publisher":{"@id":"https:\/\/www.intergate.net.br\/blog\/#organization"},"image":{"@id":"https:\/\/www.intergate.net.br\/blog\/como-nao-falir-em-periodo-de-crise\/#primaryimage"},"thumbnailUrl":"https:\/\/www.intergate.net.br\/blog\/wp-content\/uploads\/2018\/09\/Falir.jpg","keywords":["crise","gest\u00e3o empresarial","gest\u00e3o financeira","Planejamento","transforma\u00e7\u00e3o digital"],"articleSection":["ERP","Gest\u00e3o Empresarial"],"inLanguage":"pt-PT","potentialAction":[{"@type":"CommentAction","name":"Comment","target":["https:\/\/www.intergate.net.br\/blog\/como-nao-falir-em-periodo-de-crise\/#respond"]}]},{"@type":"WebPage","@id":"https:\/\/www.intergate.net.br\/blog\/como-nao-falir-em-periodo-de-crise\/","url":"https:\/\/www.intergate.net.br\/blog\/como-nao-falir-em-periodo-de-crise\/","name":"Como n\u00e3o falir em per\u00edodo de crise - Blog InterGATE","isPartOf":{"@id":"https:\/\/www.intergate.net.br\/blog\/#website"},"primaryImageOfPage":{"@id":"https:\/\/www.intergate.net.br\/blog\/como-nao-falir-em-periodo-de-crise\/#primaryimage"},"image":{"@id":"https:\/\/www.intergate.net.br\/blog\/como-nao-falir-em-periodo-de-crise\/#primaryimage"},"thumbnailUrl":"https:\/\/www.intergate.net.br\/blog\/wp-content\/uploads\/2018\/09\/Falir.jpg","datePublished":"2018-09-03T11:33:30+00:00","dateModified":"2025-08-11T19:49:14+00:00","description":"Como n\u00e3o falir em per\u00edodo de crise","breadcrumb":{"@id":"https:\/\/www.intergate.net.br\/blog\/como-nao-falir-em-periodo-de-crise\/#breadcrumb"},"inLanguage":"pt-PT","potentialAction":[{"@type":"ReadAction","target":["https:\/\/www.intergate.net.br\/blog\/como-nao-falir-em-periodo-de-crise\/"]}]},{"@type":"ImageObject","inLanguage":"pt-PT","@id":"https:\/\/www.intergate.net.br\/blog\/como-nao-falir-em-periodo-de-crise\/#primaryimage","url":"https:\/\/www.intergate.net.br\/blog\/wp-content\/uploads\/2018\/09\/Falir.jpg","contentUrl":"https:\/\/www.intergate.net.br\/blog\/wp-content\/uploads\/2018\/09\/Falir.jpg","width":600,"height":337,"caption":""},{"@type":"BreadcrumbList","@id":"https:\/\/www.intergate.net.br\/blog\/como-nao-falir-em-periodo-de-crise\/#breadcrumb","itemListElement":[{"@type":"ListItem","position":1,"name":"In\u00edcio","item":"https:\/\/www.intergate.net.br\/blog\/"},{"@type":"ListItem","position":2,"name":"Como n\u00e3o falir em per\u00edodo de crise"}]},{"@type":"WebSite","@id":"https:\/\/www.intergate.net.br\/blog\/#website","url":"https:\/\/www.intergate.net.br\/blog\/","name":"Blog InterGATE","description":"Integra\u00e7\u00e3o de Sistemas com os ERPs SAP Business One ou Totvs Protheus","publisher":{"@id":"https:\/\/www.intergate.net.br\/blog\/#organization"},"potentialAction":[{"@type":"SearchAction","target":{"@type":"EntryPoint","urlTemplate":"https:\/\/www.intergate.net.br\/blog\/?s={search_term_string}"},"query-input":{"@type":"PropertyValueSpecification","valueRequired":true,"valueName":"search_term_string"}}],"inLanguage":"pt-PT"},{"@type":"Organization","@id":"https:\/\/www.intergate.net.br\/blog\/#organization","name":"InterGATE Consultoria Digital","url":"https:\/\/www.intergate.net.br\/blog\/","logo":{"@type":"ImageObject","inLanguage":"pt-PT","@id":"https:\/\/www.intergate.net.br\/blog\/#\/schema\/logo\/image\/","url":"https:\/\/www.intergate.net.br\/blog\/wp-content\/uploads\/2025\/06\/intergateLogo_original.jpg","contentUrl":"https:\/\/www.intergate.net.br\/blog\/wp-content\/uploads\/2025\/06\/intergateLogo_original.jpg","width":512,"height":512,"caption":"InterGATE Consultoria Digital"},"image":{"@id":"https:\/\/www.intergate.net.br\/blog\/#\/schema\/logo\/image\/"},"sameAs":["https:\/\/www.linkedin.com\/company\/35540154","https:\/\/www.youtube.com\/@intergateconsultoriadigita8503"]},{"@type":"Person","@id":"https:\/\/www.intergate.net.br\/blog\/#\/schema\/person\/8efea68df8f7120ea0cf5bd5d855f919","name":"Rafael Ogeda","url":"https:\/\/www.intergate.net.br\/blog\/author\/rfr27j\/"}]}},"_links":{"self":[{"href":"https:\/\/www.intergate.net.br\/blog\/wp-json\/wp\/v2\/posts\/3852","targetHints":{"allow":["GET"]}}],"collection":[{"href":"https:\/\/www.intergate.net.br\/blog\/wp-json\/wp\/v2\/posts"}],"about":[{"href":"https:\/\/www.intergate.net.br\/blog\/wp-json\/wp\/v2\/types\/post"}],"author":[{"embeddable":true,"href":"https:\/\/www.intergate.net.br\/blog\/wp-json\/wp\/v2\/users\/2"}],"replies":[{"embeddable":true,"href":"https:\/\/www.intergate.net.br\/blog\/wp-json\/wp\/v2\/comments?post=3852"}],"version-history":[{"count":0,"href":"https:\/\/www.intergate.net.br\/blog\/wp-json\/wp\/v2\/posts\/3852\/revisions"}],"wp:featuredmedia":[{"embeddable":true,"href":"https:\/\/www.intergate.net.br\/blog\/wp-json\/wp\/v2\/media\/4263"}],"wp:attachment":[{"href":"https:\/\/www.intergate.net.br\/blog\/wp-json\/wp\/v2\/media?parent=3852"}],"wp:term":[{"taxonomy":"category","embeddable":true,"href":"https:\/\/www.intergate.net.br\/blog\/wp-json\/wp\/v2\/categories?post=3852"},{"taxonomy":"post_tag","embeddable":true,"href":"https:\/\/www.intergate.net.br\/blog\/wp-json\/wp\/v2\/tags?post=3852"}],"curies":[{"name":"wp","href":"https:\/\/api.w.org\/{rel}","templated":true}]}}