{"id":1407,"date":"2017-09-11T14:13:57","date_gmt":"2017-09-11T17:13:57","guid":{"rendered":"http:\/\/www.rcodigital.com.br\/blog\/?p=1407"},"modified":"2025-06-12T20:27:32","modified_gmt":"2025-06-12T20:27:32","slug":"sap-forum-brasil-12-13-setembro","status":"publish","type":"post","link":"https:\/\/www.intergate.net.br\/blog\/sap-forum-brasil-12-13-setembro\/","title":{"rendered":"SAP promove SAP FORUM BRASIL nos dias 12 e 13 de setembro"},"content":{"rendered":"<h2>Em sua 21<u><sup>a<\/sup><\/u>\u00a0edi\u00e7\u00e3o, o SAP F\u00f3rum Brasil 2017, maior evento de neg\u00f3cios e tecnologia da Am\u00e9rica Latina mostrar\u00e1 a inova\u00e7\u00e3o e a transforma\u00e7\u00e3o digital na pr\u00e1tica<\/h2>\n<p><strong>Dias 12 e 13 de setembro de 2017, a SAP Brasil realiza a 21<u><sup>a\u00a0<\/sup><\/u>edi\u00e7\u00e3o do\u00a0 SAP Forum Brasil.<\/strong> Este ano, o evento mostra que o futuro prometido pelas inova\u00e7\u00f5es tecnol\u00f3gicas j\u00e1 chegou.<\/p>\n<p>Al\u00e9m de palestras e sess\u00f5es sobre os mais importantes temas atuais, cases de sucesso e show cases <strong>v\u00e3o comprovar que as tend\u00eancias de mercado j\u00e1 se transformaram em neg\u00f3cios digitais gra\u00e7as a novas e acess\u00edveis plataformas e solu\u00e7\u00f5es<\/strong>.<\/p>\n<p>No ano passado, mais de 8 mil pessoas participaram do encontro no Transam\u00e9rica Expo Center, em S\u00e3o Paulo.<\/p>\n<p><strong>As sess\u00f5es do SAP F\u00f3rum\u00a0Brasil 2017 estar\u00e3o divididas em grandes categorias<\/strong>, como Tecnologia e Plataformas, Compras, Finan\u00e7as, Recursos Humanos, Cadeia de Suprimentos e Marketing e Vendas, entre outras.<!--more--><\/p>\n<p>O evento ser\u00e1 aberto por um Congresso que j\u00e1 tem confirmados, entre outros palestrantes, Flavio Pripas, diretor do Cubo.<\/p>\n<p>Entre \u00a0outros executivos globais da <strong>SAP<\/strong> estar\u00e3o presentes: <strong>Pat Bakey, presidente da SAP Industries; \u00a0Jennifer Morgan, presidente para Americas e APJ de Global Customer Operations, e\u00a0 Mala \u00a0Anand, presidente global de SAP Leonardo e Data &amp; Analytics.<\/strong> Todos \u00a0v\u00e3o participar de bate-papos sobre transforma\u00e7\u00e3o digital e o portf\u00f3lio SAP Leonardo.<\/p>\n<h4><strong>Servi\u00e7o<\/strong><\/h4>\n<p><strong>SAP Forum Brasil 2017<br \/>\n<\/strong><strong>Data:<\/strong>\u00a012 e 13 de setembro de 2017<br \/>\n<strong>Hora:<\/strong>\u00a0das 8h00 \u00e0s 20h<br \/>\n<strong>Local:<\/strong>\u00a0Transam\u00e9rica Expo Center \u2013 Av. Dr. M\u00e1rio Villas Boas Rodrigues, 387 \u2013 S\u00e3o Paulo, SP.<br \/>\nPara se inscrever e mais informa\u00e7\u00f5es, acesse\u00a0www.sapforum.com.br<\/p>\n<h1>Ramo Sistemas participa do SAP F\u00f3rum Brasil 2017 com modelos de neg\u00f3cios diferenciados para o SAP Business One<\/h1>\n<blockquote><p>Pioneira nesse servi\u00e7o no Brasil, a Ramo Sistemas comercializa o SAP Business One on Demand no modelo de assinatura, em parceria com a SAP, por meio de suas revendas e Unidades de Neg\u00f3cio em todo o Brasil<\/p><\/blockquote>\n<p>A Ramo Sistemas, empresa nacional focada em solu\u00e7\u00f5es para pequenos e m\u00e9dios neg\u00f3cios e parceira exclusiva da SAP na venda do ERP SAP Business One, refor\u00e7a, durante o SAP Forum Brasil 2017 a <strong>estrat\u00e9gia de venda do SAP Business One on Demand na nuvem<\/strong>.<\/p>\n<p><strong>O grande diferencial \u00e9 rodar na nuvem gerenciada da Ramo<\/strong>, trazendo vantagens para o cliente, seja na estabilidade e escalabilidade do ambiente, bem como na seguran\u00e7a de dados contra invas\u00f5es.<\/p>\n<p>No estande da Ramo Sistemas ser\u00e1 apresentado \u00e0s ofertas do <strong>SAP Business One on Demand<\/strong> e financiamento das solu\u00e7\u00f5es com escala no investimento.<\/p>\n<blockquote><p>\u201cA ado\u00e7\u00e3o do SAP Business One por meio de financiamento facilita a aquisi\u00e7\u00e3o da solu\u00e7\u00e3o pelas pequenas e m\u00e9dias com escala no investimento\u201d, afirma D\u00e9cio Krakauer, presidente da Ramo Sistemas.<\/p><\/blockquote>\n<h4><strong>Destaque tamb\u00e9m para o <a href=\"http:\/\/www.intergate.net.br\/blog\/sap-business-one-hana-o-que-isso-significa-para-seu-negocio\/\" target=\"_blank\" rel=\"noopener noreferrer\">SAP Business One by HANA<\/a> no modelo de\u00a0cloud computing\u00a0com a Amazon Web Services (AWS).<\/strong><\/h4>\n<p>O cliente Cloud Ramo ter\u00e1 a sua disposi\u00e7\u00e3o todas as funcionalidades da solu\u00e7\u00e3o <strong>SAP Business One<\/strong> aliada a capacidade de infraestrutura da nuvem AWS e o processamento de dados de computa\u00e7\u00e3o em mem\u00f3ria.<\/p>\n<blockquote><p>\u201cA arquitetura modular do SAP Business One by HANA na nuvem torna a implementa\u00e7\u00e3o r\u00e1pida e econ\u00f4mica\u201d, conclui Krakauer.<\/p><\/blockquote>\n<p>Para sustentar o crescimento e expandir nacionalmente, a Ramo ampliou sua base de atua\u00e7\u00e3o no mercado brasileiro com a inaugura\u00e7\u00e3o de 12 Unidades de Neg\u00f3cio que auxiliam a consultoria, vendas e suporte com abrang\u00eancia nacional.<\/p>\n<p><span style=\"color: #666666; font-size: 1.125rem; font-style: italic;\">Al\u00e9m dos novos modelos de neg\u00f3cios, D\u00e9cio Krakauer ministrar\u00e1 a palestra \u201cSAP Business One como Centro da Transforma\u00e7\u00e3o Digital da sua empresa\u201d. <\/span><\/p>\n<p><span style=\"color: #666666; font-size: 1.125rem; font-style: italic;\">&#8220;<\/span><strong style=\"color: #666666; font-size: 1.125rem; font-style: italic;\">O ano de 2017 est\u00e1 sendo desafiador e dentro desse cen\u00e1rio \u00e9 preciso criar op\u00e7\u00f5es inovadoras e gest\u00e3o eficiente para que as pequenas e m\u00e9dias empresas cres\u00e7am e superem os desafios<\/strong><span style=\"color: #666666; font-size: 1.125rem; font-style: italic;\">\u201d, lembra o executivo.<\/span><\/p>\n<p><a href=\"http:\/\/www.intergate.net.br\" target=\"_blank\" rel=\"noopener noreferrer\"><\/a><\/p>\n<blockquote>\n<hr \/>\n<\/blockquote>\n<p><strong>FONTE:\u00a0<\/strong>Jornal do Dia<\/p>\n<hr \/>\n","protected":false},"excerpt":{"rendered":"<p>Em sua 21a\u00a0edi\u00e7\u00e3o, o SAP F\u00f3rum Brasil 2017, maior evento de neg\u00f3cios e tecnologia da Am\u00e9rica Latina mostrar\u00e1 a inova\u00e7\u00e3o e a transforma\u00e7\u00e3o digital na pr\u00e1tica Dias 12 e 13 de setembro de 2017, a SAP Brasil realiza a 21a\u00a0edi\u00e7\u00e3o do\u00a0 SAP Forum Brasil. Este ano, o evento mostra que [&hellip;]<\/p>\n","protected":false},"author":2,"featured_media":1421,"comment_status":"open","ping_status":"open","sticky":false,"template":"","format":"standard","meta":{"content-type":"","_themeisle_gutenberg_block_has_review":false,"footnotes":""},"categories":[5],"tags":[],"class_list":["post-1407","post","type-post","status-publish","format-standard","has-post-thumbnail","hentry","category-gestao-empresarial"],"yoast_head":"<!-- This site is optimized with the Yoast SEO plugin v27.4 - https:\/\/yoast.com\/product\/yoast-seo-wordpress\/ -->\n<title>SAP promove SAP F\u00d3RUM BRASIL nos dias 12 e 13 de setembro<\/title>\n<meta name=\"description\" content=\"O SAP F\u00f3rum Brasil estar\u00e1 dividido nas categorias, TI e Plataformas, Compras, Finan\u00e7as, RH, Cadeia de Suprimentos e Marketing e Vendas, entre outras.\" \/>\n<meta name=\"robots\" content=\"index, follow, max-snippet:-1, max-image-preview:large, max-video-preview:-1\" \/>\n<link rel=\"canonical\" href=\"https:\/\/www.intergate.net.br\/blog\/sap-forum-brasil-12-13-setembro\/\" \/>\n<meta property=\"og:locale\" content=\"pt_PT\" \/>\n<meta property=\"og:type\" content=\"article\" \/>\n<meta property=\"og:title\" content=\"SAP promove SAP F\u00d3RUM BRASIL nos dias 12 e 13 de setembro\" \/>\n<meta property=\"og:description\" content=\"O SAP F\u00f3rum Brasil estar\u00e1 dividido nas categorias, TI e Plataformas, Compras, Finan\u00e7as, RH, Cadeia de Suprimentos e Marketing e Vendas, entre outras.\" \/>\n<meta property=\"og:url\" content=\"https:\/\/www.intergate.net.br\/blog\/sap-forum-brasil-12-13-setembro\/\" \/>\n<meta property=\"og:site_name\" content=\"Blog InterGATE\" \/>\n<meta property=\"article:published_time\" content=\"2017-09-11T17:13:57+00:00\" \/>\n<meta property=\"article:modified_time\" content=\"2025-06-12T20:27:32+00:00\" \/>\n<meta property=\"og:image\" content=\"https:\/\/www.intergate.net.br\/blog\/wp-content\/uploads\/2017\/09\/SAP-Forum-2016-WEG-1024x5761-e1505139382911.jpg\" \/>\n\t<meta property=\"og:image:width\" content=\"800\" \/>\n\t<meta property=\"og:image:height\" content=\"450\" \/>\n\t<meta property=\"og:image:type\" content=\"image\/jpeg\" \/>\n<meta name=\"author\" content=\"Rafael Ogeda\" \/>\n<meta name=\"twitter:label1\" content=\"Escrito por\" \/>\n\t<meta name=\"twitter:data1\" content=\"Rafael Ogeda\" \/>\n\t<meta name=\"twitter:label2\" content=\"Tempo estimado de leitura\" \/>\n\t<meta name=\"twitter:data2\" content=\"3 minutos\" \/>\n<script type=\"application\/ld+json\" class=\"yoast-schema-graph\">{\"@context\":\"https:\\\/\\\/schema.org\",\"@graph\":[{\"@type\":\"Article\",\"@id\":\"https:\\\/\\\/www.intergate.net.br\\\/blog\\\/sap-forum-brasil-12-13-setembro\\\/#article\",\"isPartOf\":{\"@id\":\"https:\\\/\\\/www.intergate.net.br\\\/blog\\\/sap-forum-brasil-12-13-setembro\\\/\"},\"author\":{\"name\":\"Rafael Ogeda\",\"@id\":\"https:\\\/\\\/www.intergate.net.br\\\/blog\\\/#\\\/schema\\\/person\\\/8efea68df8f7120ea0cf5bd5d855f919\"},\"headline\":\"SAP promove SAP FORUM BRASIL nos dias 12 e 13 de setembro\",\"datePublished\":\"2017-09-11T17:13:57+00:00\",\"dateModified\":\"2025-06-12T20:27:32+00:00\",\"mainEntityOfPage\":{\"@id\":\"https:\\\/\\\/www.intergate.net.br\\\/blog\\\/sap-forum-brasil-12-13-setembro\\\/\"},\"wordCount\":670,\"commentCount\":0,\"publisher\":{\"@id\":\"https:\\\/\\\/www.intergate.net.br\\\/blog\\\/#organization\"},\"image\":{\"@id\":\"https:\\\/\\\/www.intergate.net.br\\\/blog\\\/sap-forum-brasil-12-13-setembro\\\/#primaryimage\"},\"thumbnailUrl\":\"https:\\\/\\\/www.intergate.net.br\\\/blog\\\/wp-content\\\/uploads\\\/2017\\\/09\\\/SAP-Forum-2016-WEG-1024x5761-e1505139382911.jpg\",\"articleSection\":[\"Gest\u00e3o Empresarial\"],\"inLanguage\":\"pt-PT\",\"potentialAction\":[{\"@type\":\"CommentAction\",\"name\":\"Comment\",\"target\":[\"https:\\\/\\\/www.intergate.net.br\\\/blog\\\/sap-forum-brasil-12-13-setembro\\\/#respond\"]}]},{\"@type\":\"WebPage\",\"@id\":\"https:\\\/\\\/www.intergate.net.br\\\/blog\\\/sap-forum-brasil-12-13-setembro\\\/\",\"url\":\"https:\\\/\\\/www.intergate.net.br\\\/blog\\\/sap-forum-brasil-12-13-setembro\\\/\",\"name\":\"SAP promove SAP F\u00d3RUM BRASIL nos dias 12 e 13 de setembro\",\"isPartOf\":{\"@id\":\"https:\\\/\\\/www.intergate.net.br\\\/blog\\\/#website\"},\"primaryImageOfPage\":{\"@id\":\"https:\\\/\\\/www.intergate.net.br\\\/blog\\\/sap-forum-brasil-12-13-setembro\\\/#primaryimage\"},\"image\":{\"@id\":\"https:\\\/\\\/www.intergate.net.br\\\/blog\\\/sap-forum-brasil-12-13-setembro\\\/#primaryimage\"},\"thumbnailUrl\":\"https:\\\/\\\/www.intergate.net.br\\\/blog\\\/wp-content\\\/uploads\\\/2017\\\/09\\\/SAP-Forum-2016-WEG-1024x5761-e1505139382911.jpg\",\"datePublished\":\"2017-09-11T17:13:57+00:00\",\"dateModified\":\"2025-06-12T20:27:32+00:00\",\"description\":\"O SAP F\u00f3rum Brasil estar\u00e1 dividido nas categorias, TI e Plataformas, Compras, Finan\u00e7as, RH, Cadeia de Suprimentos e Marketing e Vendas, entre outras.\",\"breadcrumb\":{\"@id\":\"https:\\\/\\\/www.intergate.net.br\\\/blog\\\/sap-forum-brasil-12-13-setembro\\\/#breadcrumb\"},\"inLanguage\":\"pt-PT\",\"potentialAction\":[{\"@type\":\"ReadAction\",\"target\":[\"https:\\\/\\\/www.intergate.net.br\\\/blog\\\/sap-forum-brasil-12-13-setembro\\\/\"]}]},{\"@type\":\"ImageObject\",\"inLanguage\":\"pt-PT\",\"@id\":\"https:\\\/\\\/www.intergate.net.br\\\/blog\\\/sap-forum-brasil-12-13-setembro\\\/#primaryimage\",\"url\":\"https:\\\/\\\/www.intergate.net.br\\\/blog\\\/wp-content\\\/uploads\\\/2017\\\/09\\\/SAP-Forum-2016-WEG-1024x5761-e1505139382911.jpg\",\"contentUrl\":\"https:\\\/\\\/www.intergate.net.br\\\/blog\\\/wp-content\\\/uploads\\\/2017\\\/09\\\/SAP-Forum-2016-WEG-1024x5761-e1505139382911.jpg\",\"width\":800,\"height\":450,\"caption\":\"\"},{\"@type\":\"BreadcrumbList\",\"@id\":\"https:\\\/\\\/www.intergate.net.br\\\/blog\\\/sap-forum-brasil-12-13-setembro\\\/#breadcrumb\",\"itemListElement\":[{\"@type\":\"ListItem\",\"position\":1,\"name\":\"In\u00edcio\",\"item\":\"https:\\\/\\\/www.intergate.net.br\\\/blog\\\/\"},{\"@type\":\"ListItem\",\"position\":2,\"name\":\"SAP promove SAP FORUM BRASIL nos dias 12 e 13 de setembro\"}]},{\"@type\":\"WebSite\",\"@id\":\"https:\\\/\\\/www.intergate.net.br\\\/blog\\\/#website\",\"url\":\"https:\\\/\\\/www.intergate.net.br\\\/blog\\\/\",\"name\":\"Blog InterGATE\",\"description\":\"Integra\u00e7\u00e3o de Sistemas com os ERPs SAP Business One ou Totvs Protheus\",\"publisher\":{\"@id\":\"https:\\\/\\\/www.intergate.net.br\\\/blog\\\/#organization\"},\"potentialAction\":[{\"@type\":\"SearchAction\",\"target\":{\"@type\":\"EntryPoint\",\"urlTemplate\":\"https:\\\/\\\/www.intergate.net.br\\\/blog\\\/?s={search_term_string}\"},\"query-input\":{\"@type\":\"PropertyValueSpecification\",\"valueRequired\":true,\"valueName\":\"search_term_string\"}}],\"inLanguage\":\"pt-PT\"},{\"@type\":\"Organization\",\"@id\":\"https:\\\/\\\/www.intergate.net.br\\\/blog\\\/#organization\",\"name\":\"InterGATE Consultoria Digital\",\"url\":\"https:\\\/\\\/www.intergate.net.br\\\/blog\\\/\",\"logo\":{\"@type\":\"ImageObject\",\"inLanguage\":\"pt-PT\",\"@id\":\"https:\\\/\\\/www.intergate.net.br\\\/blog\\\/#\\\/schema\\\/logo\\\/image\\\/\",\"url\":\"https:\\\/\\\/www.intergate.net.br\\\/blog\\\/wp-content\\\/uploads\\\/2025\\\/06\\\/intergateLogo_original.jpg\",\"contentUrl\":\"https:\\\/\\\/www.intergate.net.br\\\/blog\\\/wp-content\\\/uploads\\\/2025\\\/06\\\/intergateLogo_original.jpg\",\"width\":512,\"height\":512,\"caption\":\"InterGATE Consultoria Digital\"},\"image\":{\"@id\":\"https:\\\/\\\/www.intergate.net.br\\\/blog\\\/#\\\/schema\\\/logo\\\/image\\\/\"},\"sameAs\":[\"https:\\\/\\\/www.linkedin.com\\\/company\\\/35540154\",\"https:\\\/\\\/www.youtube.com\\\/@intergateconsultoriadigita8503\"]},{\"@type\":\"Person\",\"@id\":\"https:\\\/\\\/www.intergate.net.br\\\/blog\\\/#\\\/schema\\\/person\\\/8efea68df8f7120ea0cf5bd5d855f919\",\"name\":\"Rafael Ogeda\",\"url\":\"https:\\\/\\\/www.intergate.net.br\\\/blog\\\/author\\\/rfr27j\\\/\"}]}<\/script>\n<!-- \/ Yoast SEO plugin. -->","yoast_head_json":{"title":"SAP promove SAP F\u00d3RUM BRASIL nos dias 12 e 13 de setembro","description":"O SAP F\u00f3rum Brasil estar\u00e1 dividido nas categorias, TI e Plataformas, Compras, Finan\u00e7as, RH, Cadeia de Suprimentos e Marketing e Vendas, entre outras.","robots":{"index":"index","follow":"follow","max-snippet":"max-snippet:-1","max-image-preview":"max-image-preview:large","max-video-preview":"max-video-preview:-1"},"canonical":"https:\/\/www.intergate.net.br\/blog\/sap-forum-brasil-12-13-setembro\/","og_locale":"pt_PT","og_type":"article","og_title":"SAP promove SAP F\u00d3RUM BRASIL nos dias 12 e 13 de setembro","og_description":"O SAP F\u00f3rum Brasil estar\u00e1 dividido nas categorias, TI e Plataformas, Compras, Finan\u00e7as, RH, Cadeia de Suprimentos e Marketing e Vendas, entre outras.","og_url":"https:\/\/www.intergate.net.br\/blog\/sap-forum-brasil-12-13-setembro\/","og_site_name":"Blog InterGATE","article_published_time":"2017-09-11T17:13:57+00:00","article_modified_time":"2025-06-12T20:27:32+00:00","og_image":[{"width":800,"height":450,"url":"https:\/\/www.intergate.net.br\/blog\/wp-content\/uploads\/2017\/09\/SAP-Forum-2016-WEG-1024x5761-e1505139382911.jpg","type":"image\/jpeg"}],"author":"Rafael Ogeda","twitter_misc":{"Escrito por":"Rafael Ogeda","Tempo estimado de leitura":"3 minutos"},"schema":{"@context":"https:\/\/schema.org","@graph":[{"@type":"Article","@id":"https:\/\/www.intergate.net.br\/blog\/sap-forum-brasil-12-13-setembro\/#article","isPartOf":{"@id":"https:\/\/www.intergate.net.br\/blog\/sap-forum-brasil-12-13-setembro\/"},"author":{"name":"Rafael Ogeda","@id":"https:\/\/www.intergate.net.br\/blog\/#\/schema\/person\/8efea68df8f7120ea0cf5bd5d855f919"},"headline":"SAP promove SAP FORUM BRASIL nos dias 12 e 13 de setembro","datePublished":"2017-09-11T17:13:57+00:00","dateModified":"2025-06-12T20:27:32+00:00","mainEntityOfPage":{"@id":"https:\/\/www.intergate.net.br\/blog\/sap-forum-brasil-12-13-setembro\/"},"wordCount":670,"commentCount":0,"publisher":{"@id":"https:\/\/www.intergate.net.br\/blog\/#organization"},"image":{"@id":"https:\/\/www.intergate.net.br\/blog\/sap-forum-brasil-12-13-setembro\/#primaryimage"},"thumbnailUrl":"https:\/\/www.intergate.net.br\/blog\/wp-content\/uploads\/2017\/09\/SAP-Forum-2016-WEG-1024x5761-e1505139382911.jpg","articleSection":["Gest\u00e3o Empresarial"],"inLanguage":"pt-PT","potentialAction":[{"@type":"CommentAction","name":"Comment","target":["https:\/\/www.intergate.net.br\/blog\/sap-forum-brasil-12-13-setembro\/#respond"]}]},{"@type":"WebPage","@id":"https:\/\/www.intergate.net.br\/blog\/sap-forum-brasil-12-13-setembro\/","url":"https:\/\/www.intergate.net.br\/blog\/sap-forum-brasil-12-13-setembro\/","name":"SAP promove SAP F\u00d3RUM BRASIL nos dias 12 e 13 de setembro","isPartOf":{"@id":"https:\/\/www.intergate.net.br\/blog\/#website"},"primaryImageOfPage":{"@id":"https:\/\/www.intergate.net.br\/blog\/sap-forum-brasil-12-13-setembro\/#primaryimage"},"image":{"@id":"https:\/\/www.intergate.net.br\/blog\/sap-forum-brasil-12-13-setembro\/#primaryimage"},"thumbnailUrl":"https:\/\/www.intergate.net.br\/blog\/wp-content\/uploads\/2017\/09\/SAP-Forum-2016-WEG-1024x5761-e1505139382911.jpg","datePublished":"2017-09-11T17:13:57+00:00","dateModified":"2025-06-12T20:27:32+00:00","description":"O SAP F\u00f3rum Brasil estar\u00e1 dividido nas categorias, TI e Plataformas, Compras, Finan\u00e7as, RH, Cadeia de Suprimentos e Marketing e Vendas, entre outras.","breadcrumb":{"@id":"https:\/\/www.intergate.net.br\/blog\/sap-forum-brasil-12-13-setembro\/#breadcrumb"},"inLanguage":"pt-PT","potentialAction":[{"@type":"ReadAction","target":["https:\/\/www.intergate.net.br\/blog\/sap-forum-brasil-12-13-setembro\/"]}]},{"@type":"ImageObject","inLanguage":"pt-PT","@id":"https:\/\/www.intergate.net.br\/blog\/sap-forum-brasil-12-13-setembro\/#primaryimage","url":"https:\/\/www.intergate.net.br\/blog\/wp-content\/uploads\/2017\/09\/SAP-Forum-2016-WEG-1024x5761-e1505139382911.jpg","contentUrl":"https:\/\/www.intergate.net.br\/blog\/wp-content\/uploads\/2017\/09\/SAP-Forum-2016-WEG-1024x5761-e1505139382911.jpg","width":800,"height":450,"caption":""},{"@type":"BreadcrumbList","@id":"https:\/\/www.intergate.net.br\/blog\/sap-forum-brasil-12-13-setembro\/#breadcrumb","itemListElement":[{"@type":"ListItem","position":1,"name":"In\u00edcio","item":"https:\/\/www.intergate.net.br\/blog\/"},{"@type":"ListItem","position":2,"name":"SAP promove SAP FORUM BRASIL nos dias 12 e 13 de setembro"}]},{"@type":"WebSite","@id":"https:\/\/www.intergate.net.br\/blog\/#website","url":"https:\/\/www.intergate.net.br\/blog\/","name":"Blog InterGATE","description":"Integra\u00e7\u00e3o de Sistemas com os ERPs SAP Business One ou Totvs Protheus","publisher":{"@id":"https:\/\/www.intergate.net.br\/blog\/#organization"},"potentialAction":[{"@type":"SearchAction","target":{"@type":"EntryPoint","urlTemplate":"https:\/\/www.intergate.net.br\/blog\/?s={search_term_string}"},"query-input":{"@type":"PropertyValueSpecification","valueRequired":true,"valueName":"search_term_string"}}],"inLanguage":"pt-PT"},{"@type":"Organization","@id":"https:\/\/www.intergate.net.br\/blog\/#organization","name":"InterGATE Consultoria Digital","url":"https:\/\/www.intergate.net.br\/blog\/","logo":{"@type":"ImageObject","inLanguage":"pt-PT","@id":"https:\/\/www.intergate.net.br\/blog\/#\/schema\/logo\/image\/","url":"https:\/\/www.intergate.net.br\/blog\/wp-content\/uploads\/2025\/06\/intergateLogo_original.jpg","contentUrl":"https:\/\/www.intergate.net.br\/blog\/wp-content\/uploads\/2025\/06\/intergateLogo_original.jpg","width":512,"height":512,"caption":"InterGATE Consultoria Digital"},"image":{"@id":"https:\/\/www.intergate.net.br\/blog\/#\/schema\/logo\/image\/"},"sameAs":["https:\/\/www.linkedin.com\/company\/35540154","https:\/\/www.youtube.com\/@intergateconsultoriadigita8503"]},{"@type":"Person","@id":"https:\/\/www.intergate.net.br\/blog\/#\/schema\/person\/8efea68df8f7120ea0cf5bd5d855f919","name":"Rafael Ogeda","url":"https:\/\/www.intergate.net.br\/blog\/author\/rfr27j\/"}]}},"_links":{"self":[{"href":"https:\/\/www.intergate.net.br\/blog\/wp-json\/wp\/v2\/posts\/1407","targetHints":{"allow":["GET"]}}],"collection":[{"href":"https:\/\/www.intergate.net.br\/blog\/wp-json\/wp\/v2\/posts"}],"about":[{"href":"https:\/\/www.intergate.net.br\/blog\/wp-json\/wp\/v2\/types\/post"}],"author":[{"embeddable":true,"href":"https:\/\/www.intergate.net.br\/blog\/wp-json\/wp\/v2\/users\/2"}],"replies":[{"embeddable":true,"href":"https:\/\/www.intergate.net.br\/blog\/wp-json\/wp\/v2\/comments?post=1407"}],"version-history":[{"count":0,"href":"https:\/\/www.intergate.net.br\/blog\/wp-json\/wp\/v2\/posts\/1407\/revisions"}],"wp:featuredmedia":[{"embeddable":true,"href":"https:\/\/www.intergate.net.br\/blog\/wp-json\/wp\/v2\/media\/1421"}],"wp:attachment":[{"href":"https:\/\/www.intergate.net.br\/blog\/wp-json\/wp\/v2\/media?parent=1407"}],"wp:term":[{"taxonomy":"category","embeddable":true,"href":"https:\/\/www.intergate.net.br\/blog\/wp-json\/wp\/v2\/categories?post=1407"},{"taxonomy":"post_tag","embeddable":true,"href":"https:\/\/www.intergate.net.br\/blog\/wp-json\/wp\/v2\/tags?post=1407"}],"curies":[{"name":"wp","href":"https:\/\/api.w.org\/{rel}","templated":true}]}}